{"id":1428,"date":"2022-09-08T10:39:55","date_gmt":"2022-09-08T13:39:55","guid":{"rendered":"http:\/\/localhost\/extension\/?p=68"},"modified":"2025-12-11T11:48:30","modified_gmt":"2025-12-11T11:48:30","slug":"secretaria-extension-universitaria","status":"publish","type":"post","link":"https:\/\/extension.fcejs.unsl.edu.ar\/index.php\/secretaria-extension-universitaria\/","title":{"rendered":"Secretar\u00eda Extensi\u00f3n Universitaria"},"content":{"rendered":"\t\t<div data-elementor-type=\"wp-post\" data-elementor-id=\"1428\" class=\"elementor elementor-1428\">\n\t\t\t\t\t\t<section class=\"elementor-section elementor-top-section elementor-element elementor-element-510ed848 elementor-section-boxed elementor-section-height-default elementor-section-height-default\" data-id=\"510ed848\" data-element_type=\"section\" data-e-type=\"section\">\n\t\t\t\t\t\t<div class=\"elementor-container elementor-column-gap-default\">\n\t\t\t\t\t<div class=\"elementor-column elementor-col-100 elementor-top-column elementor-element elementor-element-4c4815dc\" data-id=\"4c4815dc\" data-element_type=\"column\" data-e-type=\"column\">\n\t\t\t<div class=\"elementor-widget-wrap elementor-element-populated\">\n\t\t\t\t\t\t<div class=\"elementor-element elementor-element-46035a84 elementor-widget elementor-widget-text-editor\" data-id=\"46035a84\" data-element_type=\"widget\" data-e-type=\"widget\" data-widget_type=\"text-editor.default\">\n\t\t\t\t<div class=\"elementor-widget-container\">\n\t\t\t\t\t\t\t\t\t<header>\n<h2>Secretar\u00eda Extensi\u00f3n Universitaria<\/h2>\n<\/header>\n<div>\n<p><span style=\"font-size: 18px;\">Secretaria de Extensi\u00f3n Universitaria:<\/span><br><strong>Lic. Nazarena ECHAND\u00cdA<\/strong><\/p>\n<p><a href=\"mailto:secretariaextensionfcejs@gmail.com\" target=\"_blank\" rel=\"noopener\">secretariaextensionfcejs@gmail.com<\/a><\/p>\n<p><b>Equipo Nodocente:<br><\/b>T\u00e9cnica en Gesti\u00f3n Universitaria, Estela Dominguez<br>Periodista Universitaria, Estela Dominguez<br>Contador P\u00fablico Nacional, Ramiro Fern\u00e1ndez<\/p>\n<p>Comisi\u00f3n Asesora de Extensi\u00f3n de la Facultad de Ciencias Econ\u00f3micas Jur\u00eddicas y Sociales&nbsp;<a href=\"http:\/\/localhost\/extension\/wp-content\/uploads\/2022\/09\/RESOLUCION-1065-2022-EXP-USL-16342-2022.pdf\" target=\"_blank\" rel=\"noopener\">RD15 \u2013 1065 \/ 2022<\/a>:<\/p>\n<p><strong><em>DEPARTAMENTO DE CIENCIAS ECONOMICAS:<\/em><\/strong><\/p>\n<ul>\n<li>Titular: Mag\u00edster Roberto MORICHETTI<\/li>\n<li>Suplente: Mag\u00edster Luciana Florencia MASINI<\/li>\n<\/ul>\n<p><strong>DEPARTAMENTO DE CIENCIAS JUR\u00cdDICAS-POLITICAS:<\/strong><\/p>\n<ul>\n<li>Titular: Abogado Manuel Jos\u00e9 CASTILLO&nbsp;<\/li>\n<li>Suplente: Abogada Nayla Daniela CABRERA MU\u00d1OZ<\/li>\n<\/ul>\n<p><strong>DEPARTAMENTO DE CIENCIAS SOCIALES<\/strong><\/p>\n<ul>\n<li>Titular: Licenciado Claudio Ariel QUINTEROS<\/li>\n<li>Suplente: Licenciada Mar\u00eda Concepci\u00f3n SALAS<\/li>\n<\/ul>\n<p><b>Secretar\u00eda de Extensi\u00f3n Universitaria<\/b><\/p>\n<ul>\n<li>\n<p><span style=\"font-size: 18px;\"><b>Misi\u00f3n<\/b><\/span><\/p>\n<\/li>\n<\/ul>\n<p>Asistir y asesorar al\/la Decano\/a, al Consejo Directivo y dem\u00e1s \u00d3rganos de Gobierno de la Facultad en el desarrollo de las actividades de Extensi\u00f3n, y la creaci\u00f3n de proyectos y programas.<\/p>\n<p>Favorecer el di\u00e1logo interactivo y multidireccional que aporte al crecimiento cultural y a la transformaci\u00f3n social y econ\u00f3mica con los diferentes actores involucrados en la relaci\u00f3n.<\/p>\n<p>Entender en la vinculaci\u00f3n entre la facultad y las instituciones p\u00fablicas, privadas y organizaciones de la sociedad civil.Entender en la promoci\u00f3n y gesti\u00f3n de proyectos de extensi\u00f3n, voluntariado y programas especiales conforme a las necesidades y demandas sociales.<\/p>\n<p>Procurar el desarrollo, la difusi\u00f3n y la divulgaci\u00f3n de los distintos programas y proyectos vigentes.<\/p>\n<p>Favorecer el aporte a la construcci\u00f3n de pol\u00edticas p\u00fablicas y dando respuestas a situaciones problem\u00e1ticas para la ciudad de Villa Mercedes y la provincia de San Luis, sin dejar de considerar un alcance nacional e internacional en proyectos de impacto.<\/p>\n<p>Promover actividades referidas a la vinculaci\u00f3n con la sociedad y el sector privado<\/p>\n<p>Generar nexos con organismos locales, nacionales e internacionales a trav\u00e9s de convenios y pactos de colaboraci\u00f3n.<\/p>\n<ul>\n<li>\n<p><span style=\"font-size: 18px;\"><b>Funciones<\/b><\/span><\/p>\n<\/li>\n<\/ul>\n<p><b>a.-)&nbsp;<\/b>Asesorar y asistir al\/la Decano\/a, al Consejo Directivo y a sus Comisiones en la elaboraci\u00f3n y aplicaci\u00f3n de la pol\u00edtica referida a la extensi\u00f3n universitaria.<\/p>\n<p><b>b.-)&nbsp;<\/b>Entender en todos los tr\u00e1mites acad\u00e9micos y administrativos que demande la concreci\u00f3n de las actividades de Extensi\u00f3n.<\/p>\n<p><b>c.-)&nbsp;<\/b>Refrendar todas las disposiciones que se generen en el \u00e1mbito de la Secretaria.<\/p>\n<p><b>d.-)&nbsp;<\/b>Intervenir en la elaboraci\u00f3n de convenios, normas, programas&nbsp; y proyectos de vinculaci\u00f3n y\/o extensi\u00f3n.<\/p>\n<p><b>e.-)&nbsp;<\/b>Promover la integralidad de las funciones sustantivas entre la ense\u00f1anza, la investigaci\u00f3n y la extensi\u00f3n de las intervenciones en territorio para contribuir a la mayor y mejor calidad de vida de la sociedad en el abordaje de problemas que se relacionen con las demandas sociales.<\/p>\n<p><b>f.-)&nbsp;<\/b>Administrar los recursos para el funcionamiento de actividades de Extensi\u00f3n, y los diferentes programas y proyectos que dependen de la misma.<\/p>\n<p><b>g.-)&nbsp;<\/b>Administraci\u00f3n del Beneficio del Materno Infantil, para docentes y no docentes de esta Facultad.<\/p>\n<p><b>h.-)&nbsp;<\/b>Fomentar y administrar las actividades del Programa de Educaci\u00f3n Continua Intergeneracional de Adultos (PECIA).<\/p>\n<p><b>i.-)<\/b>&nbsp;Entender en la organizaci\u00f3n de cursos y talleres fomentando la educaci\u00f3n no formal y la capacitaci\u00f3n en el medio local y zona de influencia de la facultad.<\/p>\n<p><b>k.-)&nbsp;<\/b>Notificar en formato papel o digital, seg\u00fan reglamentaci\u00f3n vigente, la totalidad de los actos administrativos suscriptos por el\/la Secretario\/a.<\/p>\n<\/div>\n<p><!-- \/wp:paragraph --><\/p>\t\t\t\t\t\t\t\t<\/div>\n\t\t\t\t<\/div>\n\t\t\t\t\t<\/div>\n\t\t<\/div>\n\t\t\t\t\t<\/div>\n\t\t<\/section>\n\t\t\t\t<\/div>\n\t\t","protected":false},"excerpt":{"rendered":"<p>Secretar\u00eda Extensi\u00f3n Universitaria Secretaria de Extensi\u00f3n Universitaria:Lic. Nazarena ECHAND\u00cdA secretariaextensionfcejs@gmail.com Equipo Nodocente:T\u00e9cnica en Gesti\u00f3n Universitaria, Estela DominguezPeriodista Universitaria, Estela DominguezContador P\u00fablico Nacional, Ramiro Fern\u00e1ndez Comisi\u00f3n&hellip;<\/p>\n","protected":false},"author":4,"featured_media":0,"comment_status":"closed","ping_status":"closed","sticky":false,"template":"","format":"standard","meta":{"om_disable_all_campaigns":false,"_exactmetrics_skip_tracking":false,"_exactmetrics_sitenote_active":false,"_exactmetrics_sitenote_note":"","_exactmetrics_sitenote_category":0,"_uf_show_specific_survey":0,"_uf_disable_surveys":false,"footnotes":""},"categories":[7],"tags":[],"class_list":["post-1428","post","type-post","status-publish","format-standard","hentry","category-institucional"],"_links":{"self":[{"href":"https:\/\/extension.fcejs.unsl.edu.ar\/index.php\/wp-json\/wp\/v2\/posts\/1428","targetHints":{"allow":["GET"]}}],"collection":[{"href":"https:\/\/extension.fcejs.unsl.edu.ar\/index.php\/wp-json\/wp\/v2\/posts"}],"about":[{"href":"https:\/\/extension.fcejs.unsl.edu.ar\/index.php\/wp-json\/wp\/v2\/types\/post"}],"author":[{"embeddable":true,"href":"https:\/\/extension.fcejs.unsl.edu.ar\/index.php\/wp-json\/wp\/v2\/users\/4"}],"replies":[{"embeddable":true,"href":"https:\/\/extension.fcejs.unsl.edu.ar\/index.php\/wp-json\/wp\/v2\/comments?post=1428"}],"version-history":[{"count":15,"href":"https:\/\/extension.fcejs.unsl.edu.ar\/index.php\/wp-json\/wp\/v2\/posts\/1428\/revisions"}],"predecessor-version":[{"id":2015,"href":"https:\/\/extension.fcejs.unsl.edu.ar\/index.php\/wp-json\/wp\/v2\/posts\/1428\/revisions\/2015"}],"wp:attachment":[{"href":"https:\/\/extension.fcejs.unsl.edu.ar\/index.php\/wp-json\/wp\/v2\/media?parent=1428"}],"wp:term":[{"taxonomy":"category","embeddable":true,"href":"https:\/\/extension.fcejs.unsl.edu.ar\/index.php\/wp-json\/wp\/v2\/categories?post=1428"},{"taxonomy":"post_tag","embeddable":true,"href":"https:\/\/extension.fcejs.unsl.edu.ar\/index.php\/wp-json\/wp\/v2\/tags?post=1428"}],"curies":[{"name":"wp","href":"https:\/\/api.w.org\/{rel}","templated":true}]}}