{"id":1452,"date":"2022-11-10T13:40:57","date_gmt":"2022-11-10T16:40:57","guid":{"rendered":"http:\/\/localhost\/extension\/?p=530"},"modified":"2022-11-10T13:40:57","modified_gmt":"2022-11-10T16:40:57","slug":"programa-de-economia-social-solidaria-comunitaria-popular-y-plural","status":"publish","type":"post","link":"https:\/\/extension.fcejs.unsl.edu.ar\/index.php\/programa-de-economia-social-solidaria-comunitaria-popular-y-plural\/","title":{"rendered":"Programa de Econom\u00eda Social, Solidaria, Comunitaria, Popular y Plural"},"content":{"rendered":"\n<p>En la tarde del viernes 15 de octubre de 2021 se llev\u00f3 a cabo la presentaci\u00f3n del Programa de Econom\u00eda Social, Solidaria, Comunitaria, Popular y Plural, dependiente de la Secretar\u00eda de Extensi\u00f3n Universitaria de la Facultad y coordinado por el Esp. Juan Norberto Carena.<\/p>\n\n\n\n<p>Algunos de los objetivos del programa son aportar herramientas te\u00f3ricas, epistemol\u00f3gicas y pol\u00edticas que se vinculan a la econom\u00eda social y comunitaria; favorecer espacios de formaci\u00f3n a trabajadores y trabajadoras de la econom\u00eda social y a futuros profesionales a trav\u00e9s de un di\u00e1logo de saberes. \u201cOtra dimensi\u00f3n que pretende tomar este programa son los aportes de la econom\u00eda feminista, por ello una de las comisiones va a referir a la Econom\u00eda Social y G\u00e9nero, ya que los emprendimientos existentes en la regi\u00f3n vinculados a la econom\u00eda social est\u00e1n integrados en la gran mayor\u00eda por mujeres\u201d, puntualiz\u00f3 la licenciada.<\/p>\n\n\n<p><iframe src=\"https:\/\/drive.google.com\/embeddedfolderview?id=1nq0nrCeLxRm3EgkS719RE_sYOFbCavSU#grid\" style=\"width:100%; height:600px; border:0;\"><\/iframe><\/p>\n","protected":false},"excerpt":{"rendered":"<p>En la tarde del viernes 15 de octubre de 2021 se llev\u00f3 a cabo la presentaci\u00f3n del Programa de Econom\u00eda Social, Solidaria, Comunitaria, Popular y&hellip;<\/p>\n","protected":false},"author":4,"featured_media":0,"comment_status":"open","ping_status":"open","sticky":false,"template":"","format":"standard","meta":{"om_disable_all_campaigns":false,"_exactmetrics_skip_tracking":false,"_exactmetrics_sitenote_active":false,"_exactmetrics_sitenote_note":"","_exactmetrics_sitenote_category":0,"_uf_show_specific_survey":0,"_uf_disable_surveys":false,"footnotes":""},"categories":[7],"tags":[],"class_list":["post-1452","post","type-post","status-publish","format-standard","hentry","category-institucional"],"_links":{"self":[{"href":"https:\/\/extension.fcejs.unsl.edu.ar\/index.php\/wp-json\/wp\/v2\/posts\/1452","targetHints":{"allow":["GET"]}}],"collection":[{"href":"https:\/\/extension.fcejs.unsl.edu.ar\/index.php\/wp-json\/wp\/v2\/posts"}],"about":[{"href":"https:\/\/extension.fcejs.unsl.edu.ar\/index.php\/wp-json\/wp\/v2\/types\/post"}],"author":[{"embeddable":true,"href":"https:\/\/extension.fcejs.unsl.edu.ar\/index.php\/wp-json\/wp\/v2\/users\/4"}],"replies":[{"embeddable":true,"href":"https:\/\/extension.fcejs.unsl.edu.ar\/index.php\/wp-json\/wp\/v2\/comments?post=1452"}],"version-history":[{"count":0,"href":"https:\/\/extension.fcejs.unsl.edu.ar\/index.php\/wp-json\/wp\/v2\/posts\/1452\/revisions"}],"wp:attachment":[{"href":"https:\/\/extension.fcejs.unsl.edu.ar\/index.php\/wp-json\/wp\/v2\/media?parent=1452"}],"wp:term":[{"taxonomy":"category","embeddable":true,"href":"https:\/\/extension.fcejs.unsl.edu.ar\/index.php\/wp-json\/wp\/v2\/categories?post=1452"},{"taxonomy":"post_tag","embeddable":true,"href":"https:\/\/extension.fcejs.unsl.edu.ar\/index.php\/wp-json\/wp\/v2\/tags?post=1452"}],"curies":[{"name":"wp","href":"https:\/\/api.w.org\/{rel}","templated":true}]}}