{"id":1809,"date":"2025-02-20T10:40:17","date_gmt":"2025-02-20T10:40:17","guid":{"rendered":"https:\/\/extension.fcejs.unsl.edu.ar\/?p=1809"},"modified":"2025-02-20T10:40:26","modified_gmt":"2025-02-20T10:40:26","slug":"curso-de-extension-y-posgrado-universidad-y-territorios-desafios-para-la-curricularizacion-de-los-saberes-populares","status":"publish","type":"post","link":"https:\/\/extension.fcejs.unsl.edu.ar\/index.php\/curso-de-extension-y-posgrado-universidad-y-territorios-desafios-para-la-curricularizacion-de-los-saberes-populares\/","title":{"rendered":"Curso de extensi\u00f3n y posgrado: Universidad y territorios. Desaf\u00edos para la curricularizacion de los saberes populares."},"content":{"rendered":"\n<p>La&nbsp;<strong>Secretar\u00eda de Extensi\u00f3n Universitaria<\/strong>, junto a la&nbsp;<strong>Secretar\u00eda de Investigaci\u00f3n y Posgrado<\/strong>, invita al curso de capacitaci\u00f3n y actualizaci\u00f3n&nbsp;<strong>\u201cUniversidad y territorios. Desaf\u00edos para la curricularizaci\u00f3n de los saberes populares\u201d<\/strong>, que se dictar\u00e1 de manera presencial en febrero y marzo de 2025.<\/p>\n\n\n\n<p>Esta capacitaci\u00f3n dar\u00e1 inicio el&nbsp;<strong>25 de febrero<\/strong>&nbsp;y se desarrollar\u00e1 en el&nbsp;<strong>Aula Extensi\u00f3n Universitaria<\/strong>, situada en el&nbsp;<strong>Bloque Programas Especiales de la FCEJS<\/strong>.<\/p>\n\n\n\n<h4 class=\"wp-block-heading\"><strong>Cronograma de dictado:<\/strong><\/h4>\n\n\n\n<p><strong>Eje 1<\/strong><\/p>\n\n\n\n<ul class=\"wp-block-list\">\n<li>Martes 25 de febrero<br>De 13.30 a 18 horas.<\/li>\n\n\n\n<li>Mi\u00e9rcoles 26 de febrero de 2025<br>De 9 a 13 y de 14 a 18 horas<\/li>\n<\/ul>\n\n\n\n<p><strong>Eje 2<\/strong><\/p>\n\n\n\n<ul class=\"wp-block-list\">\n<li>Viernes 14 y s\u00e1bado 15 de marzo de 2025<\/li>\n\n\n\n<li>De 9 a 13 y de 14 a 18 horas<\/li>\n<\/ul>\n\n\n\n<p>Esta actividad de&nbsp;<strong>extensi\u00f3n y posgrado<\/strong>&nbsp;tiene como finalidad:<\/p>\n\n\n\n<ul class=\"wp-block-list\">\n<li>Comprender las nuevas configuraciones del escenario social actual, las pedagog\u00edas emergentes y el rol de la universidad en su relaci\u00f3n con el territorio.<\/li>\n\n\n\n<li>Visibilizar los silenciamientos e invisibilizaciones en los procesos de construcci\u00f3n del saber acad\u00e9mico.<\/li>\n\n\n\n<li>Conocer y reflexionar sobre dispositivos y herramientas investigativas, curriculares y did\u00e1cticas para la incorporaci\u00f3n de saberes populares en el curr\u00edculum universitario.<\/li>\n\n\n\n<li>Propiciar instancias de reflexi\u00f3n sobre la construcci\u00f3n de espacios de recuperaci\u00f3n colectiva de experiencias y la importancia de incluir los saberes populares en la formaci\u00f3n universitaria.<\/li>\n<\/ul>\n\n\n\n<p>El equipo docente est\u00e1 integrado por el&nbsp;<strong>Dr. Pedro Gregorio Enr\u00edquez,<\/strong>&nbsp;la&nbsp;<strong>Esp. Paola Figueroa y la Mgtr. Sonia Pereyra,<\/strong>&nbsp;bajo la coordinaci\u00f3n del&nbsp;<strong>Lic. Pablo Torres<\/strong>.<\/p>\n\n\n\n<p>Esta actividad es organizada por el equipo docente de la asignatura Educaci\u00f3n y Trabajo Social, el Proyecto de Extensi\u00f3n y Docencia \u201cPr\u00e1cticas socioeducativas e inclusi\u00f3n de sujetos y saberes populares\u201d, con el apoyo de la Secretar\u00eda de Extensi\u00f3n Universitaria y la Secretar\u00eda de Investigaci\u00f3n y Posgrado.<\/p>\n\n\n\n<p><strong>Consultas:<\/strong>&nbsp;<a>pabloabeja22@gmail.com<\/a><\/p>\n","protected":false},"excerpt":{"rendered":"<p>La&nbsp;Secretar\u00eda de Extensi\u00f3n Universitaria, junto a la&nbsp;Secretar\u00eda de Investigaci\u00f3n y Posgrado, invita al curso de capacitaci\u00f3n y actualizaci\u00f3n&nbsp;\u201cUniversidad y territorios. Desaf\u00edos para la curricularizaci\u00f3n de&hellip;<\/p>\n","protected":false},"author":4,"featured_media":1810,"comment_status":"closed","ping_status":"closed","sticky":false,"template":"","format":"standard","meta":{"om_disable_all_campaigns":false,"_exactmetrics_skip_tracking":false,"_exactmetrics_sitenote_active":false,"_exactmetrics_sitenote_note":"","_exactmetrics_sitenote_category":0,"_uf_show_specific_survey":0,"_uf_disable_surveys":false,"footnotes":""},"categories":[8],"tags":[],"class_list":["post-1809","post","type-post","status-publish","format-standard","has-post-thumbnail","hentry","category-novedades"],"_links":{"self":[{"href":"https:\/\/extension.fcejs.unsl.edu.ar\/index.php\/wp-json\/wp\/v2\/posts\/1809","targetHints":{"allow":["GET"]}}],"collection":[{"href":"https:\/\/extension.fcejs.unsl.edu.ar\/index.php\/wp-json\/wp\/v2\/posts"}],"about":[{"href":"https:\/\/extension.fcejs.unsl.edu.ar\/index.php\/wp-json\/wp\/v2\/types\/post"}],"author":[{"embeddable":true,"href":"https:\/\/extension.fcejs.unsl.edu.ar\/index.php\/wp-json\/wp\/v2\/users\/4"}],"replies":[{"embeddable":true,"href":"https:\/\/extension.fcejs.unsl.edu.ar\/index.php\/wp-json\/wp\/v2\/comments?post=1809"}],"version-history":[{"count":1,"href":"https:\/\/extension.fcejs.unsl.edu.ar\/index.php\/wp-json\/wp\/v2\/posts\/1809\/revisions"}],"predecessor-version":[{"id":1811,"href":"https:\/\/extension.fcejs.unsl.edu.ar\/index.php\/wp-json\/wp\/v2\/posts\/1809\/revisions\/1811"}],"wp:featuredmedia":[{"embeddable":true,"href":"https:\/\/extension.fcejs.unsl.edu.ar\/index.php\/wp-json\/wp\/v2\/media\/1810"}],"wp:attachment":[{"href":"https:\/\/extension.fcejs.unsl.edu.ar\/index.php\/wp-json\/wp\/v2\/media?parent=1809"}],"wp:term":[{"taxonomy":"category","embeddable":true,"href":"https:\/\/extension.fcejs.unsl.edu.ar\/index.php\/wp-json\/wp\/v2\/categories?post=1809"},{"taxonomy":"post_tag","embeddable":true,"href":"https:\/\/extension.fcejs.unsl.edu.ar\/index.php\/wp-json\/wp\/v2\/tags?post=1809"}],"curies":[{"name":"wp","href":"https:\/\/api.w.org\/{rel}","templated":true}]}}