{"id":1827,"date":"2025-03-27T10:28:36","date_gmt":"2025-03-27T10:28:36","guid":{"rendered":"https:\/\/extension.fcejs.unsl.edu.ar\/?p=1827"},"modified":"2025-03-27T10:28:46","modified_gmt":"2025-03-27T10:28:46","slug":"relatos-de-ensenanza-testimonio-y-reflexion-sobre-la-dictadura-civico-militar","status":"publish","type":"post","link":"https:\/\/extension.fcejs.unsl.edu.ar\/index.php\/relatos-de-ensenanza-testimonio-y-reflexion-sobre-la-dictadura-civico-militar\/","title":{"rendered":"Relatos de ense\u00f1anza: testimonio y reflexi\u00f3n sobre la dictadura c\u00edvico-militar"},"content":{"rendered":"\n<p>En el marco del ciclo&nbsp;<strong>\u201cElegimos MEMORIA\u201d<\/strong>, la&nbsp;<strong>Secretar\u00eda de Extensi\u00f3n Universitaria<\/strong>&nbsp;invita a toda la comunidad universitaria a la clase abierta&nbsp;<strong>\u201cRelatos de ense\u00f1anza. Historias de una universidad comprometida con los Derechos Humanos\u201d<\/strong>, que se llevar\u00e1 a cabo el jueves&nbsp;<strong>27 de marzo<\/strong>, de&nbsp;<strong>16 a 18 horas<\/strong>, en el&nbsp;<strong>Aula 11 del Campus Universitario<\/strong>.<\/p>\n\n\n\n<p>Esta actividad, organizada por las asignaturas&nbsp;<strong>Producci\u00f3n y Comunicaci\u00f3n del Conocimiento (LTS)<\/strong>&nbsp;y&nbsp;<strong>Comprensi\u00f3n de Textos (AT)<\/strong>, busca compartir relatos personales sobre aspectos vinculados a la \u00faltima&nbsp;<strong>dictadura c\u00edvico-militar<\/strong>. Su objetivo es dar a conocer las historias de vida de v\u00edctimas del terrorismo de Estado que formaron parte de la&nbsp;<strong>UNSL<\/strong>, as\u00ed como reflexionar sobre las huellas y da\u00f1os que ha dejado este per\u00edodo en la sociedad.<\/p>\n","protected":false},"excerpt":{"rendered":"<p>En el marco del ciclo&nbsp;\u201cElegimos MEMORIA\u201d, la&nbsp;Secretar\u00eda de Extensi\u00f3n Universitaria&nbsp;invita a toda la comunidad universitaria a la clase abierta&nbsp;\u201cRelatos de ense\u00f1anza. Historias de una universidad&hellip;<\/p>\n","protected":false},"author":4,"featured_media":1828,"comment_status":"closed","ping_status":"closed","sticky":false,"template":"","format":"standard","meta":{"om_disable_all_campaigns":false,"_exactmetrics_skip_tracking":false,"_exactmetrics_sitenote_active":false,"_exactmetrics_sitenote_note":"","_exactmetrics_sitenote_category":0,"_uf_show_specific_survey":0,"_uf_disable_surveys":false,"footnotes":""},"categories":[8],"tags":[],"class_list":["post-1827","post","type-post","status-publish","format-standard","has-post-thumbnail","hentry","category-novedades"],"_links":{"self":[{"href":"https:\/\/extension.fcejs.unsl.edu.ar\/index.php\/wp-json\/wp\/v2\/posts\/1827","targetHints":{"allow":["GET"]}}],"collection":[{"href":"https:\/\/extension.fcejs.unsl.edu.ar\/index.php\/wp-json\/wp\/v2\/posts"}],"about":[{"href":"https:\/\/extension.fcejs.unsl.edu.ar\/index.php\/wp-json\/wp\/v2\/types\/post"}],"author":[{"embeddable":true,"href":"https:\/\/extension.fcejs.unsl.edu.ar\/index.php\/wp-json\/wp\/v2\/users\/4"}],"replies":[{"embeddable":true,"href":"https:\/\/extension.fcejs.unsl.edu.ar\/index.php\/wp-json\/wp\/v2\/comments?post=1827"}],"version-history":[{"count":1,"href":"https:\/\/extension.fcejs.unsl.edu.ar\/index.php\/wp-json\/wp\/v2\/posts\/1827\/revisions"}],"predecessor-version":[{"id":1829,"href":"https:\/\/extension.fcejs.unsl.edu.ar\/index.php\/wp-json\/wp\/v2\/posts\/1827\/revisions\/1829"}],"wp:featuredmedia":[{"embeddable":true,"href":"https:\/\/extension.fcejs.unsl.edu.ar\/index.php\/wp-json\/wp\/v2\/media\/1828"}],"wp:attachment":[{"href":"https:\/\/extension.fcejs.unsl.edu.ar\/index.php\/wp-json\/wp\/v2\/media?parent=1827"}],"wp:term":[{"taxonomy":"category","embeddable":true,"href":"https:\/\/extension.fcejs.unsl.edu.ar\/index.php\/wp-json\/wp\/v2\/categories?post=1827"},{"taxonomy":"post_tag","embeddable":true,"href":"https:\/\/extension.fcejs.unsl.edu.ar\/index.php\/wp-json\/wp\/v2\/tags?post=1827"}],"curies":[{"name":"wp","href":"https:\/\/api.w.org\/{rel}","templated":true}]}}