{"id":1931,"date":"2025-10-14T10:22:15","date_gmt":"2025-10-14T10:22:15","guid":{"rendered":"https:\/\/extension.fcejs.unsl.edu.ar\/?p=1931"},"modified":"2025-10-14T10:22:47","modified_gmt":"2025-10-14T10:22:47","slug":"cine-debate-lago-escondido-soberania-en-juego","status":"publish","type":"post","link":"https:\/\/extension.fcejs.unsl.edu.ar\/index.php\/cine-debate-lago-escondido-soberania-en-juego\/","title":{"rendered":"Cine debate \u201cLago Escondido\u201d: soberan\u00eda en juego"},"content":{"rendered":"\n<p>La&nbsp;<strong>Secretar\u00eda de Extensi\u00f3n de la FCEJS<\/strong>&nbsp;invita a participar del&nbsp;<strong>cine debate \u201cLago Escondido: soberan\u00eda en juego\u201d<\/strong>, que se llevar\u00e1 a cabo el&nbsp;<strong>viernes 17 de octubre a las 17:00 horas<\/strong>&nbsp;en el&nbsp;<strong>Instituto Escuela de Econom\u00eda, Negocios y Transferencia Tecnol\u00f3gica<\/strong>&nbsp;sito en Pescadores 314.<\/p>\n\n\n\n<p>La actividad, ser\u00e1 de&nbsp;<strong>modalidad presencial&nbsp;<\/strong>y&nbsp;est\u00e1 destinada a&nbsp;<strong>estudiantes, docentes, nodocentes<\/strong>&nbsp;de la&nbsp;<strong>FCEJS y la FICA<\/strong>, as\u00ed como tambi\u00e9n al&nbsp;<strong>p\u00fablico en general<\/strong>&nbsp;de la comunidad mercedina.<\/p>\n\n\n\n<p>El documental seleccionado aborda la historia de un grupo de militantes que integran la&nbsp;<strong>Brigada Juana Azurduy<\/strong>, quienes emprenden una marcha por las monta\u00f1as de la Patagonia en defensa del&nbsp;<strong>Lago Escondido.<\/strong><\/p>\n\n\n\n<p><br>A lo largo del recorrido, los protagonistas enfrentan las adversidades del entorno natural y la violencia de grupos paraestatales financiados por el empresario, en una lucha desigual que simboliza la resistencia y el esp\u00edritu soberano de quienes reclaman justicia y soberan\u00eda sobre las tierras argentinas.<\/p>\n\n\n\n<p>El encuentro contar\u00e1 con la&nbsp;<strong>participaci\u00f3n de integrantes de la Brigada Juana Azurduy<\/strong>, entre ellos:<\/p>\n\n\n\n<ul class=\"wp-block-list\">\n<li><strong>Jorge Ra\u00fal Rachid<\/strong>, Profesor en Ciencias Sociales de la Universidad Nacional de Lomas de Zamora.<\/li>\n\n\n\n<li><strong>Gustavo Bellido<\/strong>, integrante de Veteranos de Malvinas Unidos de Merlo (Buenos Aires).<\/li>\n\n\n\n<li><strong>Alejandro Meyer<\/strong>, representante de SUTEBA.<\/li>\n\n\n\n<li><strong>Jorge Medardo Mor\u00e1n<\/strong>, integrante de Descamisados.<\/li>\n\n\n\n<li><strong>Aranzazu Guadalupe Bel\u00e9n Arrascaeta<\/strong>, Descamisados.<\/li>\n\n\n\n<li><strong>Alejandro Oscar Cros<\/strong>, Movimiento Evita.<\/li>\n\n\n\n<li><strong>Elizabeth Roxana Sosa<\/strong>.<\/li>\n<\/ul>\n\n\n\n<p>La&nbsp;<strong>coordinaci\u00f3n general<\/strong>&nbsp;estar\u00e1 a cargo de&nbsp;<strong>Gabriela Mar\u00eda Colazo (Comunidad Aguaribay Villa Mercedes)<\/strong>,&nbsp;<strong>PU. Estela Beatriz Dom\u00ednguez<\/strong>&nbsp;y&nbsp;<strong>Lic. N\u00e9lida Rosales<\/strong>.<\/p>\n\n\n\n<p>La actividad es organizada por diversas&nbsp;<strong>asignaturas de la Licenciatura en Trabajo Social<\/strong>&nbsp;y la&nbsp;<strong>Tecnicatura Universitaria en Acompa\u00f1amiento Terap\u00e9utico<\/strong>, junto con el&nbsp;<strong>Sindicato de Docentes Investigadores Universitarios (SIDIU)<\/strong>:<\/p>\n\n\n\n<ul class=\"wp-block-list\">\n<li><em>Educaci\u00f3n y Trabajo Social<\/em>\u00a0(4\u00b0 a\u00f1o, Lic. en Trabajo Social).<\/li>\n\n\n\n<li><em>Comprensi\u00f3n y Producci\u00f3n de Textos<\/em>\u00a0(1\u00b0 a\u00f1o, Tecnicatura en Acompa\u00f1amiento Terap\u00e9utico).<\/li>\n\n\n\n<li><em>Producci\u00f3n y Comunicaci\u00f3n del Conocimiento<\/em>\u00a0(1\u00b0 a\u00f1o, Lic. en Trabajo Social).<br><strong>Responsable:<\/strong>\u00a0Sonia Nancy Pereira.<\/li>\n\n\n\n<li><em>Historia Econ\u00f3mica y Social Argentina<\/em>\u00a0(1\u00b0 a\u00f1o, Lic. en Trabajo Social).<br><strong>Responsable:<\/strong>\u00a0Celina Chocobare.<\/li>\n\n\n\n<li><em>Niveles de Acompa\u00f1amiento Terap\u00e9utico Grupal, Familiar y Comunitario<\/em>\u00a0(2\u00b0 a\u00f1o, Tecnicatura en Acompa\u00f1amiento Terap\u00e9utico).<br><strong>Responsable:<\/strong>\u00a0Mar\u00eda Concepci\u00f3n Salas.<\/li>\n\n\n\n<li><em>El Arte como Herramienta Terap\u00e9utica<\/em>\u00a0(1\u00b0 a\u00f1o, Tecnicatura en Acompa\u00f1amiento Terap\u00e9utico).<br><strong>Responsable:<\/strong>\u00a0Mar\u00eda Concepci\u00f3n Salas.<\/li>\n<\/ul>\n","protected":false},"excerpt":{"rendered":"<p>La&nbsp;Secretar\u00eda de Extensi\u00f3n de la FCEJS&nbsp;invita a participar del&nbsp;cine debate \u201cLago Escondido: soberan\u00eda en juego\u201d, que se llevar\u00e1 a cabo el&nbsp;viernes 17 de octubre a&hellip;<\/p>\n","protected":false},"author":4,"featured_media":1932,"comment_status":"closed","ping_status":"closed","sticky":false,"template":"","format":"standard","meta":{"om_disable_all_campaigns":false,"_exactmetrics_skip_tracking":false,"_exactmetrics_sitenote_active":false,"_exactmetrics_sitenote_note":"","_exactmetrics_sitenote_category":0,"_uf_show_specific_survey":0,"_uf_disable_surveys":false,"footnotes":""},"categories":[8],"tags":[],"class_list":["post-1931","post","type-post","status-publish","format-standard","has-post-thumbnail","hentry","category-novedades"],"_links":{"self":[{"href":"https:\/\/extension.fcejs.unsl.edu.ar\/index.php\/wp-json\/wp\/v2\/posts\/1931","targetHints":{"allow":["GET"]}}],"collection":[{"href":"https:\/\/extension.fcejs.unsl.edu.ar\/index.php\/wp-json\/wp\/v2\/posts"}],"about":[{"href":"https:\/\/extension.fcejs.unsl.edu.ar\/index.php\/wp-json\/wp\/v2\/types\/post"}],"author":[{"embeddable":true,"href":"https:\/\/extension.fcejs.unsl.edu.ar\/index.php\/wp-json\/wp\/v2\/users\/4"}],"replies":[{"embeddable":true,"href":"https:\/\/extension.fcejs.unsl.edu.ar\/index.php\/wp-json\/wp\/v2\/comments?post=1931"}],"version-history":[{"count":1,"href":"https:\/\/extension.fcejs.unsl.edu.ar\/index.php\/wp-json\/wp\/v2\/posts\/1931\/revisions"}],"predecessor-version":[{"id":1933,"href":"https:\/\/extension.fcejs.unsl.edu.ar\/index.php\/wp-json\/wp\/v2\/posts\/1931\/revisions\/1933"}],"wp:featuredmedia":[{"embeddable":true,"href":"https:\/\/extension.fcejs.unsl.edu.ar\/index.php\/wp-json\/wp\/v2\/media\/1932"}],"wp:attachment":[{"href":"https:\/\/extension.fcejs.unsl.edu.ar\/index.php\/wp-json\/wp\/v2\/media?parent=1931"}],"wp:term":[{"taxonomy":"category","embeddable":true,"href":"https:\/\/extension.fcejs.unsl.edu.ar\/index.php\/wp-json\/wp\/v2\/categories?post=1931"},{"taxonomy":"post_tag","embeddable":true,"href":"https:\/\/extension.fcejs.unsl.edu.ar\/index.php\/wp-json\/wp\/v2\/tags?post=1931"}],"curies":[{"name":"wp","href":"https:\/\/api.w.org\/{rel}","templated":true}]}}