{"id":2006,"date":"2025-12-11T11:03:43","date_gmt":"2025-12-11T11:03:43","guid":{"rendered":"https:\/\/extension.fcejs.unsl.edu.ar\/?p=2006"},"modified":"2025-12-11T11:04:15","modified_gmt":"2025-12-11T11:04:15","slug":"culmino-el-xi-encuentro-de-intercambio-e-inclusion-2025","status":"publish","type":"post","link":"https:\/\/extension.fcejs.unsl.edu.ar\/index.php\/culmino-el-xi-encuentro-de-intercambio-e-inclusion-2025\/","title":{"rendered":"Culmin\u00f3 el XI Encuentro de Intercambio e Inclusi\u00f3n 2025"},"content":{"rendered":"\n<p><strong>En el marco del&nbsp;<\/strong><strong>D\u00eda Internacional de las Personas con Discapacidad, la Secretar\u00eda de Extensi\u00f3n Universitaria con funciones de Vinculaci\u00f3n Social de la FCEJS realiz\u00f3 el&nbsp;<\/strong><strong>XI Encuentro de Intercambio e Inclusi\u00f3n.&nbsp;<\/strong><\/p>\n\n\n\n<p><strong>El encuentro se llev\u00f3 adelante los d\u00edas jueves 4 y 5 de diciembre en la Escuela de Econom\u00eda Negocios y Transferencia Tecnol\u00f3gica y cont\u00f3 con&nbsp;<\/strong><strong>el desarrollo de 13 propuestas&nbsp;<\/strong>de talleres y charlas presentadas por diferentes actores de la comunidad: graduados\/as, estudiantes avanzados\/as, docentes e investigadores, profesionales de la salud, y referentes de instituciones ligadas al acompa\u00f1amiento de personas con discapacidad, procedentes de la ciudad de Villa Mercedes y de la ciudad de San Luis Capital.<\/p>\n\n\n\n<p>El acto de apertura cont\u00f3 con la presencia de autoridades de la FCEJS: Decano y Vicedecana: Mgtr. Hector Flores, Esp. Patricia Moran; Secretarios\/as: Nazarena Echand\u00eda, Ayel\u00e9n Neme, Pamela Bianco, Ail\u00edn Umpierrez, Joaqu\u00edn Flores, Cristian Payero; Directores de Departamento: Diego Castillo, Esteban Arias; Directora de Carrera, Dra. Adriana Moran;&nbsp;Director Ejecutivo de la Escuela de Econom\u00eda, Negocios y Transferencia Tecnol\u00f3gica, Jorge Sosa;&nbsp;coordinadores de Programas y Comisiones; como as\u00ed tambi\u00e9n diversos miembros de la comunidad&nbsp;universitaria: graduados\/as, agrupaciones estudiantiles, nodocentes, estudiantes, gremios universitarios, docentes e investigadores.<\/p>\n\n\n\n<p>En representaci\u00f3n del Instituto Superior Nuestra Se\u00f1ora del Carmen, estuvieron presentes la Rectora y el Vicerector:&nbsp;Licenciada Matilde Funes Neme Saber y&nbsp;Profesor Guillermo Antunes.<\/p>\n\n\n\n<p>En representaci\u00f3n de la Secretar\u00eda de Estado de Personas con Discapacidad del Gobierno de la Provincia de San Luis se hizo presente&nbsp;Arneli Winter;&nbsp; Diputada Provincial Ivana Ricca.<\/p>\n\n\n\n<p>Se eleva listado de propuestas desarrolladas con sus respectivos responsables e instituciones organizadoras:<\/p>\n\n\n\n<p><strong>1)&nbsp;&nbsp;&nbsp;&nbsp;Taller \u201cVida Universitaria Inclusiva: la responsabilidad de construir espacios accesibles es colectiva\u201d<\/strong><\/p>\n\n\n\n<ul class=\"wp-block-list\">\n<li>Responsables:\u00a0Lic. Doris Yamile Saile Casta\u00f1eda;\u00a0Lic. Mar\u00eda Victoria Giuliani;\u00a0Ing. Claudio Ariel Savini;\u00a0Micaela Abigail Lucero;\u00a0Brunella Luciana Lucero.<\/li>\n\n\n\n<li>Organizaci\u00f3n:\u00a0Programa Universidad y Discapacidad UNSL \u2013 Equipo T\u00e9cnico de Accesibilidad Acad\u00e9mica UNSL.<\/li>\n<\/ul>\n\n\n\n<h4 class=\"wp-block-heading\">2)&nbsp;&nbsp;&nbsp;&nbsp;Charla Debate \u201cAbordaje territorial: discapacidad y pobreza\u201d<\/h4>\n\n\n\n<ul class=\"wp-block-list\">\n<li>Responsables:\u00a0Mgtr. Pereira Mirta; Mgtr. Rubertoni Myrian<\/li>\n\n\n\n<li>Colaboradores:\u00a0Mg. Marisa Pogliani; Lic. Araceli del Carmen Holzer; Lic. Fern\u00e1ndez Ana Bel\u00e9n; Abog. Nahuel \u00c1lvarez Toledo; Camila Arnaboldi.<\/li>\n<\/ul>\n\n\n\n<h4 class=\"wp-block-heading\">3)&nbsp;&nbsp;&nbsp;&nbsp;Charla-Debate \u201cPresentaci\u00f3n del proyecto de ley de modificaci\u00f3n de Ley Provincial de Discapacidad\u201d<\/h4>\n\n\n\n<ul class=\"wp-block-list\">\n<li>Responsables: Lic. Soquet Liliana; Prof. Ivana Daniela Ricca; Lic. Carrascull Carolina.<\/li>\n\n\n\n<li>Organizaci\u00f3n:\u00a0Fundaci\u00f3n Todos a la Escuela, Yo Colaboro \u00bfY vos?<\/li>\n<\/ul>\n\n\n\n<p><strong>4)&nbsp;&nbsp;&nbsp;&nbsp;<\/strong>Charla Taller \u201cMirame-mirate: lo art\u00edstico como camino para la sensibilizaci\u00f3n y reflexi\u00f3n en torno a las personas con discapacidad\u201d<\/p>\n\n\n\n<ul class=\"wp-block-list\">\n<li>Responsables:\u00a0Giacomelli, Mec\u00edas Mar\u00eda Julieta; Gonz\u00e1lez, Abella Benjam\u00edn Jes\u00fas.<\/li>\n\n\n\n<li>Organizaci\u00f3n:\u00a0Programa de Accesibilidad FAPSI-UNSL.<\/li>\n<\/ul>\n\n\n\n<h4 class=\"wp-block-heading\">5)&nbsp;&nbsp;&nbsp;&nbsp;Charla \u201cPresentaci\u00f3n del Consejo Provincial de Personas con Discapacidad de San Luis (CO.PRO.DIS)<\/h4>\n\n\n\n<ul class=\"wp-block-list\">\n<li>Responsables: PROF. Galv\u00e1n Mar\u00eda Fernanda; ABOG. \u00c1lvarez Toledo Nahuel Alejo.<\/li>\n\n\n\n<li>Organizaci\u00f3n:\u00a0Consejo Provincial de Personas con Discapacidad de San Luis (CO.PRO.DIS).<\/li>\n<\/ul>\n\n\n\n<h4 class=\"wp-block-heading\">6)&nbsp;&nbsp;&nbsp;&nbsp;Taller \u201cAutoretrato en Collage: identidades en fragmentos\u201d<\/h4>\n\n\n\n<ul class=\"wp-block-list\">\n<li>Responsables:\u00a0Prof. Mar\u00eda Sabina Simioli; Prof. Arguello Albana Soledad.<\/li>\n<\/ul>\n\n\n\n<h4 class=\"wp-block-heading\">7)&nbsp;&nbsp;&nbsp;&nbsp;Taller \u201cLa Corporalidad como veh\u00edculo de sost\u00e9n, cuidado y comunidad\u201d<\/h4>\n\n\n\n<ul class=\"wp-block-list\">\n<li>Responsables:\u00a0Lic. Fernanda Marcela Abalos; Prof. Natalia Ver\u00f3nica Gim\u00e9nez; Esp. Mar\u00eda Cristina Galetto.<\/li>\n\n\n\n<li>Organizaci\u00f3n:\u00a0Programa ConDerechoS y Fundaci\u00f3n Despejarte.Com<\/li>\n<\/ul>\n\n\n\n<h4 class=\"wp-block-heading\">8)&nbsp;&nbsp;&nbsp;&nbsp;Charla Cooperativismo Inclusivo. Nadie se salva solo<\/h4>\n\n\n\n<ul class=\"wp-block-list\">\n<li>Responsables:\u00a0ABOG. \u00c1lvarez Toledo Nahuel Alejo; LIC. Carrascull Carolina.<\/li>\n\n\n\n<li>Organizaci\u00f3n:\u00a0Fundaci\u00f3n Todos a la Escuela\u2026 Yo Colaboro \u00bfY vos?<\/li>\n<\/ul>\n\n\n\n<h4 class=\"wp-block-heading\">9)&nbsp;&nbsp;&nbsp;&nbsp;Taller \u201cTrabajemos conjuntamente en problem\u00e1ticas que nos ocupan, desde la inclusi\u00f3n\u201d<\/h4>\n\n\n\n<ul class=\"wp-block-list\">\n<li>Responsables:\u00a0Lic. Mar\u00eda Victoria Giuliani; Dra. Adriana Isabel Moran (coordinadoras).<\/li>\n\n\n\n<li>Colaboradores:<\/li>\n\n\n\n<li>Organizaci\u00f3n:\u00a0Programa de Prevenci\u00f3n de Consumos Problem\u00e1ticos y Comisi\u00f3n de Discapacidad, Accesibilidad y Apoyo de la FCEJS (UNSL).<\/li>\n<\/ul>\n\n\n\n<h4 class=\"wp-block-heading\">10)&nbsp;\u201cCuidar al que cuida en un contexto de discapacidad, con perspectiva de derechos laborales\u201d<\/h4>\n\n\n\n<ul class=\"wp-block-list\">\n<li>Responsables:\u00a0Lic. Leyes Anal\u00eda; Lic. Torre Natalia<\/li>\n\n\n\n<li>ORGANIZACI\u00d3N:\u00a0Asociaci\u00f3n Profesionales y T\u00e9cnicos de la Salud (APTS)<\/li>\n<\/ul>\n\n\n\n<h4 class=\"wp-block-heading\">11)&nbsp;Taller corporal \u201cCuerpo, v\u00ednculo y movimiento: una mirada psicomotriz hacia la inclusi\u00f3n\u201d<\/h4>\n\n\n\n<ul class=\"wp-block-list\">\n<li>Responsables:\u00a0Mar\u00eda Victoria Jofre; Lic. Florencia Nahir Mart\u00ednez<\/li>\n<\/ul>\n\n\n\n<h4 class=\"wp-block-heading\">12)&nbsp;Taller de Perfeccionamiento \u201cEvaluaci\u00f3n y abordajes de barreras de Acceso en Entornos Educativos\u201d<\/h4>\n\n\n\n<ul class=\"wp-block-list\">\n<li>Responsables: Esp.\u00a0Mariela Elizabeth Z\u00fa\u00f1iga, Lic.\u00a0Eliana Caballero<\/li>\n\n\n\n<li>Organizaci\u00f3n:\u00a0Unidad de Gesti\u00f3n de Programas Especiales UNSL- Programa\u00a0Universidad y\u00a0Discapacidad\u00a0de la Universidad Nacional de San Luis- Equipo T\u00e9cnico de Accesibilidad Acad\u00e9mica.<\/li>\n<\/ul>\n\n\n\n<h4 class=\"wp-block-heading\">13)&nbsp;Charla \u201cRecreaci\u00f3n inclusiva: construyendo espacios para todas las infancias\u201d<\/h4>\n\n\n\n<ul class=\"wp-block-list\">\n<li>Responsables:\u00a0Tec. Florencia Alaniz; Tec. Ayelen Luna.<\/li>\n\n\n\n<li>Organizaci\u00f3n:\u00a0Organizaci\u00f3n \u201cAlma Libre\u201d<\/li>\n<\/ul>\n","protected":false},"excerpt":{"rendered":"<p>En el marco del&nbsp;D\u00eda Internacional de las Personas con Discapacidad, la Secretar\u00eda de Extensi\u00f3n Universitaria con funciones de Vinculaci\u00f3n Social de la FCEJS realiz\u00f3 el&nbsp;XI&hellip;<\/p>\n","protected":false},"author":4,"featured_media":2007,"comment_status":"closed","ping_status":"closed","sticky":false,"template":"","format":"standard","meta":{"om_disable_all_campaigns":false,"_exactmetrics_skip_tracking":false,"_exactmetrics_sitenote_active":false,"_exactmetrics_sitenote_note":"","_exactmetrics_sitenote_category":0,"_uf_show_specific_survey":0,"_uf_disable_surveys":false,"footnotes":""},"categories":[8],"tags":[],"class_list":["post-2006","post","type-post","status-publish","format-standard","has-post-thumbnail","hentry","category-novedades"],"_links":{"self":[{"href":"https:\/\/extension.fcejs.unsl.edu.ar\/index.php\/wp-json\/wp\/v2\/posts\/2006","targetHints":{"allow":["GET"]}}],"collection":[{"href":"https:\/\/extension.fcejs.unsl.edu.ar\/index.php\/wp-json\/wp\/v2\/posts"}],"about":[{"href":"https:\/\/extension.fcejs.unsl.edu.ar\/index.php\/wp-json\/wp\/v2\/types\/post"}],"author":[{"embeddable":true,"href":"https:\/\/extension.fcejs.unsl.edu.ar\/index.php\/wp-json\/wp\/v2\/users\/4"}],"replies":[{"embeddable":true,"href":"https:\/\/extension.fcejs.unsl.edu.ar\/index.php\/wp-json\/wp\/v2\/comments?post=2006"}],"version-history":[{"count":1,"href":"https:\/\/extension.fcejs.unsl.edu.ar\/index.php\/wp-json\/wp\/v2\/posts\/2006\/revisions"}],"predecessor-version":[{"id":2008,"href":"https:\/\/extension.fcejs.unsl.edu.ar\/index.php\/wp-json\/wp\/v2\/posts\/2006\/revisions\/2008"}],"wp:featuredmedia":[{"embeddable":true,"href":"https:\/\/extension.fcejs.unsl.edu.ar\/index.php\/wp-json\/wp\/v2\/media\/2007"}],"wp:attachment":[{"href":"https:\/\/extension.fcejs.unsl.edu.ar\/index.php\/wp-json\/wp\/v2\/media?parent=2006"}],"wp:term":[{"taxonomy":"category","embeddable":true,"href":"https:\/\/extension.fcejs.unsl.edu.ar\/index.php\/wp-json\/wp\/v2\/categories?post=2006"},{"taxonomy":"post_tag","embeddable":true,"href":"https:\/\/extension.fcejs.unsl.edu.ar\/index.php\/wp-json\/wp\/v2\/tags?post=2006"}],"curies":[{"name":"wp","href":"https:\/\/api.w.org\/{rel}","templated":true}]}}