{"id":2061,"date":"2026-04-01T10:10:17","date_gmt":"2026-04-01T10:10:17","guid":{"rendered":"https:\/\/extension.fcejs.unsl.edu.ar\/?p=2061"},"modified":"2026-04-01T10:10:19","modified_gmt":"2026-04-01T10:10:19","slug":"elegimos-memoria-en-radio-unsl-villa-mercedes","status":"publish","type":"post","link":"https:\/\/extension.fcejs.unsl.edu.ar\/index.php\/elegimos-memoria-en-radio-unsl-villa-mercedes\/","title":{"rendered":"\u201cElegimos Memoria\u201d en Radio UNSL Villa Mercedes"},"content":{"rendered":"\n<p>La Radio UNSL Villa Mercedes estrena el ciclo de micros radiales \u201cElegimos Memoria. Historias de vida para la Memoria\u201d, una iniciativa que busca reconstruir la memoria de las v\u00edctimas del terrorismo de Estado. La propuesta se enmarca en la conmemoraci\u00f3n de los 50 a\u00f1os del golpe c\u00edvico-militar en Argentina.<\/p>\n\n\n\n<p>En coordinaci\u00f3n entre la Secretar\u00eda de Extensi\u00f3n de la FCEJS y la Radio UNSL Villa Mercedes, han puesto en marcha el ciclo de micros radiales \u201cElegimos Memoria. Historias de vida para la Memoria\u201d. Las emisiones se realizar\u00e1n a trav\u00e9s de FM Universidad (95.7) de Villa Mercedes los d\u00edas Lunes, Miercoles y Viernes a las 15hs y a las 21hs, en la secci\u00f3n Podcast de su sitio web y en las redes sociales institucionales de la FCEJS.<\/p>\n\n\n\n<p>El principal objetivo de \u201cElegimos Memoria\u201d es reconstruir la memoria a partir de las trayectorias de vida de quienes fueron v\u00edctimas del terrorismo de Estado en el contexto del golpe de 1976. En el marco de los 50 a\u00f1os de aquel golpe c\u00edvico-eclesi\u00e1stico-empresarial-militar, la propuesta reafirma el compromiso fundacional de la instituci\u00f3n con los derechos humanos.<\/p>\n\n\n\n<p>Con esta iniciativa se busca generar un espacio de di\u00e1logo que permita comprender el presente y construir el futuro, articulando la dimensi\u00f3n \u00e9tica y la responsabilidad hist\u00f3rica. La iniciativa pretende un aporte clave al poner al aire de esta radio p\u00fablica y en soportes virtuales y digitales el potencial del medio radiof\u00f3nico como constructor de comunidad. Se har\u00e1 un especial \u00e9nfasis en la reconstrucci\u00f3n de la memoria local, a trav\u00e9s de la b\u00fasqueda de informaci\u00f3n, recuperaci\u00f3n de escritos y testimonios de v\u00edctimas oriundas de la provincia de San Luis.<\/p>\n\n\n\n<p><strong><a href=\"https:\/\/radio.fcejs.unsl.edu.ar\/index.php\/micro-radial-elegimos-memoria-a-50-anos-de-la-dictadura-militar-historias-de-vida-para-la-memoria\/\">LINK AL PODCAST<\/a><\/strong><\/p>\n\n\n\n<p>La coordinaci\u00f3n, realizaci\u00f3n y conducci\u00f3n de este ciclo est\u00e1 a cargo de Estela Dominguez, mientras que la edici\u00f3n y asistencia t\u00e9cnica cuenta con la labor de Federico Amodey. Ambos son los responsables de dar forma a estas historias que buscan mantener viva la memoria colectiva.<\/p>\n\n\n\n<p>Con esta propuesta, la FCEJS-UNSL contribuye activamente a la construcci\u00f3n de una memoria colectiva que honre a las v\u00edctimas del terrorismo de Estado y fortalezca los valores democr\u00e1ticos en nuestra sociedad. Se invita a toda la comunidad universitaria y al p\u00fablico en general a sintonizar y seguir las emisiones, sum\u00e1ndose a este ejercicio fundamental para comprender nuestro pasado y proyectar un futuro m\u00e1s justo.<\/p>\n","protected":false},"excerpt":{"rendered":"<p>La Radio UNSL Villa Mercedes estrena el ciclo de micros radiales \u201cElegimos Memoria. Historias de vida para la Memoria\u201d, una iniciativa que busca reconstruir la&hellip;<\/p>\n","protected":false},"author":4,"featured_media":2062,"comment_status":"closed","ping_status":"closed","sticky":false,"template":"","format":"standard","meta":{"om_disable_all_campaigns":false,"_exactmetrics_skip_tracking":false,"_exactmetrics_sitenote_active":false,"_exactmetrics_sitenote_note":"","_exactmetrics_sitenote_category":0,"_uf_show_specific_survey":0,"_uf_disable_surveys":false,"footnotes":""},"categories":[8],"tags":[],"class_list":["post-2061","post","type-post","status-publish","format-standard","has-post-thumbnail","hentry","category-novedades"],"_links":{"self":[{"href":"https:\/\/extension.fcejs.unsl.edu.ar\/index.php\/wp-json\/wp\/v2\/posts\/2061","targetHints":{"allow":["GET"]}}],"collection":[{"href":"https:\/\/extension.fcejs.unsl.edu.ar\/index.php\/wp-json\/wp\/v2\/posts"}],"about":[{"href":"https:\/\/extension.fcejs.unsl.edu.ar\/index.php\/wp-json\/wp\/v2\/types\/post"}],"author":[{"embeddable":true,"href":"https:\/\/extension.fcejs.unsl.edu.ar\/index.php\/wp-json\/wp\/v2\/users\/4"}],"replies":[{"embeddable":true,"href":"https:\/\/extension.fcejs.unsl.edu.ar\/index.php\/wp-json\/wp\/v2\/comments?post=2061"}],"version-history":[{"count":1,"href":"https:\/\/extension.fcejs.unsl.edu.ar\/index.php\/wp-json\/wp\/v2\/posts\/2061\/revisions"}],"predecessor-version":[{"id":2063,"href":"https:\/\/extension.fcejs.unsl.edu.ar\/index.php\/wp-json\/wp\/v2\/posts\/2061\/revisions\/2063"}],"wp:featuredmedia":[{"embeddable":true,"href":"https:\/\/extension.fcejs.unsl.edu.ar\/index.php\/wp-json\/wp\/v2\/media\/2062"}],"wp:attachment":[{"href":"https:\/\/extension.fcejs.unsl.edu.ar\/index.php\/wp-json\/wp\/v2\/media?parent=2061"}],"wp:term":[{"taxonomy":"category","embeddable":true,"href":"https:\/\/extension.fcejs.unsl.edu.ar\/index.php\/wp-json\/wp\/v2\/categories?post=2061"},{"taxonomy":"post_tag","embeddable":true,"href":"https:\/\/extension.fcejs.unsl.edu.ar\/index.php\/wp-json\/wp\/v2\/tags?post=2061"}],"curies":[{"name":"wp","href":"https:\/\/api.w.org\/{rel}","templated":true}]}}