{"id":2064,"date":"2026-04-01T10:12:50","date_gmt":"2026-04-01T10:12:50","guid":{"rendered":"https:\/\/extension.fcejs.unsl.edu.ar\/?p=2064"},"modified":"2026-04-01T10:12:53","modified_gmt":"2026-04-01T10:12:53","slug":"una-intervencion-artistica-que-invita-a-reflexionar-sobre-memoria-y-derechos-humanos","status":"publish","type":"post","link":"https:\/\/extension.fcejs.unsl.edu.ar\/index.php\/una-intervencion-artistica-que-invita-a-reflexionar-sobre-memoria-y-derechos-humanos\/","title":{"rendered":"Una intervenci\u00f3n art\u00edstica que invita a reflexionar sobre memoria y derechos humanos"},"content":{"rendered":"\n<p>Florecen pa\u00f1uelos en el&nbsp;<strong>Campus Universitario Villa Mercedes de la UNSL.&nbsp;<\/strong>Impulsada por docentes y estudiantes de la&nbsp;<strong>Tecnicatura en Acompa\u00f1amiento Terap\u00e9utico<\/strong>, junto a la&nbsp;<strong>Secretar\u00eda de Extensi\u00f3n Universitaria con funciones de Vinculaci\u00f3n Social<\/strong>, el jueves 26 de marzo se llev\u00f3 a cabo la&nbsp;<strong>Intervenci\u00f3n Art\u00edstica Comunitaria \u201cFlorecer\u00e1n Pa\u00f1uelos\u201d<\/strong>, en el marco de las actividades del ciclo&nbsp;<strong>\u201cElegimos Memoria 2026\u201d<\/strong>.<\/p>\n\n\n\n<p>El&nbsp;<strong>Acompa\u00f1amiento Terap\u00e9utico en Argentina<\/strong>&nbsp;ha sido fundamental para abordar el trauma colectivo de la \u00faltima dictadura c\u00edvico-militar, ofreciendo contenci\u00f3n a familiares de personas desaparecidas, sobrevivientes y testigos en juicios de lesa humanidad, especialmente en audiencias judiciales, ayudando a sostener el relato y procesar el impacto de las vivencias.<\/p>\n\n\n\n<p>Por eso, desde la formaci\u00f3n en Acompa\u00f1amiento Terap\u00e9utico, esta propuesta adquiere un sentido particular. El acompa\u00f1ante terap\u00e9utico trabaja con procesos subjetivos, historias de vida y padecimientos sociales y comunitarios. En este marco, la memoria colectiva tambi\u00e9n forma parte de los procesos de cuidado y construcci\u00f3n de identidad. El arte comunitario posibilita espacios de simbolizaci\u00f3n y elaboraci\u00f3n emocional, favoreciendo la participaci\u00f3n, la expresi\u00f3n y la construcci\u00f3n de v\u00ednculos.<\/p>\n\n\n\n<p>En este sentido, la propuesta presenta una met\u00e1fora esperanzadora: que del pa\u00f1uelo nazcan flores. Cada flor representa una presencia, una voz, una identidad, reafirmando que la memoria no es solo recuerdo del pasado, sino tambi\u00e9n compromiso con el presente y el futuro.<\/p>\n\n\n\n<p>Durante la intervenci\u00f3n art\u00edstica, situada en el pasillo que conduce al patio central del edificio del campus universitario, la&nbsp;<strong>Multisectorial por la Memoria Villa Mercedes<\/strong>&nbsp;se sum\u00f3 poniendo a disposici\u00f3n una bandera bordada con los nombres de las personas desaparecidas de la ciudad, en el marco de la&nbsp;<strong>Campa\u00f1a Nacional \u201cFlorecer\u00e1n Pa\u00f1uelos\u201d<\/strong>&nbsp;de&nbsp;<strong>Madres y Abuelas de Plaza de Mayo<\/strong>.<\/p>\n\n\n\n<p>La intervenci\u00f3n fue recorrida por el&nbsp;<strong>decano de la FCEJS<\/strong>, Mgtr. H\u00e9ctor Flores, junto a la&nbsp;<strong>vicedecana<\/strong>, Esp. Patricia Mor\u00e1n, y el equipo de gesti\u00f3n, durante la ma\u00f1ana del viernes 27 de marzo. En la visita, las autoridades pudieron conocer en detalle la propuesta, dialogar sobre su significado y valorar el trabajo colectivo reflejado en cada una de las producciones.<\/p>\n","protected":false},"excerpt":{"rendered":"<p>Florecen pa\u00f1uelos en el&nbsp;Campus Universitario Villa Mercedes de la UNSL.&nbsp;Impulsada por docentes y estudiantes de la&nbsp;Tecnicatura en Acompa\u00f1amiento Terap\u00e9utico, junto a la&nbsp;Secretar\u00eda de Extensi\u00f3n Universitaria&hellip;<\/p>\n","protected":false},"author":4,"featured_media":2065,"comment_status":"closed","ping_status":"closed","sticky":false,"template":"","format":"standard","meta":{"om_disable_all_campaigns":false,"_exactmetrics_skip_tracking":false,"_exactmetrics_sitenote_active":false,"_exactmetrics_sitenote_note":"","_exactmetrics_sitenote_category":0,"_uf_show_specific_survey":0,"_uf_disable_surveys":false,"footnotes":""},"categories":[8],"tags":[],"class_list":["post-2064","post","type-post","status-publish","format-standard","has-post-thumbnail","hentry","category-novedades"],"_links":{"self":[{"href":"https:\/\/extension.fcejs.unsl.edu.ar\/index.php\/wp-json\/wp\/v2\/posts\/2064","targetHints":{"allow":["GET"]}}],"collection":[{"href":"https:\/\/extension.fcejs.unsl.edu.ar\/index.php\/wp-json\/wp\/v2\/posts"}],"about":[{"href":"https:\/\/extension.fcejs.unsl.edu.ar\/index.php\/wp-json\/wp\/v2\/types\/post"}],"author":[{"embeddable":true,"href":"https:\/\/extension.fcejs.unsl.edu.ar\/index.php\/wp-json\/wp\/v2\/users\/4"}],"replies":[{"embeddable":true,"href":"https:\/\/extension.fcejs.unsl.edu.ar\/index.php\/wp-json\/wp\/v2\/comments?post=2064"}],"version-history":[{"count":1,"href":"https:\/\/extension.fcejs.unsl.edu.ar\/index.php\/wp-json\/wp\/v2\/posts\/2064\/revisions"}],"predecessor-version":[{"id":2066,"href":"https:\/\/extension.fcejs.unsl.edu.ar\/index.php\/wp-json\/wp\/v2\/posts\/2064\/revisions\/2066"}],"wp:featuredmedia":[{"embeddable":true,"href":"https:\/\/extension.fcejs.unsl.edu.ar\/index.php\/wp-json\/wp\/v2\/media\/2065"}],"wp:attachment":[{"href":"https:\/\/extension.fcejs.unsl.edu.ar\/index.php\/wp-json\/wp\/v2\/media?parent=2064"}],"wp:term":[{"taxonomy":"category","embeddable":true,"href":"https:\/\/extension.fcejs.unsl.edu.ar\/index.php\/wp-json\/wp\/v2\/categories?post=2064"},{"taxonomy":"post_tag","embeddable":true,"href":"https:\/\/extension.fcejs.unsl.edu.ar\/index.php\/wp-json\/wp\/v2\/tags?post=2064"}],"curies":[{"name":"wp","href":"https:\/\/api.w.org\/{rel}","templated":true}]}}