{"id":2068,"date":"2026-04-09T10:30:56","date_gmt":"2026-04-09T10:30:56","guid":{"rendered":"https:\/\/extension.fcejs.unsl.edu.ar\/?p=2068"},"modified":"2026-04-09T10:31:00","modified_gmt":"2026-04-09T10:31:00","slug":"genero-y-derechos-humanos-espacio-de-formacion-en-la-fcejs","status":"publish","type":"post","link":"https:\/\/extension.fcejs.unsl.edu.ar\/index.php\/genero-y-derechos-humanos-espacio-de-formacion-en-la-fcejs\/","title":{"rendered":"G\u00e9nero y derechos humanos: espacio de formaci\u00f3n en la FCEJS"},"content":{"rendered":"\n<p>La Facultad de Ciencias Econ\u00f3micas, Jur\u00eddicas y Sociales (FCEJS) reafirma su involucramiento en la construcci\u00f3n de sociedades m\u00e1s igualitarias y justas. En el marco de las conmemoraciones por el D\u00eda Internacional de la Mujer Trabajadora, la FCEJS concret\u00f3 con \u00e9xito el Ciclo de Charlas \u201cProblem\u00e1ticas actuales en torno al G\u00e9nero y Derechos Humanos\u201d, desarrollado durante el mes de marzo de 2026.<\/p>\n\n\n\n<p>Este espacio de visibilizaci\u00f3n y reflexi\u00f3n fue coordinado por la Lic. Mar\u00eda Nazarena Echand\u00eda, con el objetivo general de visibilizar y problematizar las relaciones entre el g\u00e9nero y los derechos humanos. A trav\u00e9s de una modalidad h\u00edbrida (presencial en el Aula de Programas Especiales y virtual mediante la plataforma Zoom), la propuesta busc\u00f3 generar instancias de debate e intercambio destinadas tanto a la comunidad universitaria como al p\u00fablico en general.<\/p>\n\n\n\n<p>A lo largo de cuatro encuentros semanales, se abordaron ejes fundamentales para la transformaci\u00f3n cultural y la desnaturalizaci\u00f3n de las desigualdades por razones de g\u00e9nero:<\/p>\n\n\n\n<p>\u2022 Feminismo y formaci\u00f3n profesional: se reflexion\u00f3 sobre la importancia de incorporar la perspectiva de g\u00e9nero en la actuaci\u00f3n y formaci\u00f3n profesional y t\u00e9cnica.<br>\u2022 G\u00e9nero y TICs: se analiz\u00f3 la construcci\u00f3n del g\u00e9nero en tiempos de redes sociales y se present\u00f3 el libro \u201cEl G\u00e9nero y la Sociedad Ampliada\u201d, incluyendo una revisi\u00f3n te\u00f3rica sobre el acceso a la justicia.<br>\u2022 El derecho al cuidado: se abordaron las desigualdades estructurales en la divisi\u00f3n sexual del trabajo y la situaci\u00f3n social actual, tanto a nivel nacional como en la provincia de San Luis.<br>\u2022 Consumos problem\u00e1ticos: se trabaj\u00f3 bajo un paradigma comunitario e interseccional, enfoc\u00e1ndose en los estigmas que recaen sobre las mujeres y las barreras en su acceso a la salud.<\/p>\n\n\n\n<p>La actividad fue de car\u00e1cter gratuito y cont\u00f3 con la disertaci\u00f3n de un equipo docente especializado de la FCEJS, integrado por la Lic. Vianel Garc\u00eda, la Mgtr. Carolina Campero Anguiano, el Dr. Yussef Becher y la Dra. Adriana Mor\u00e1n.<\/p>\n\n\n\n<p>Instituciones que formaron parte de la organizaci\u00f3n:<\/p>\n\n\n\n<p>\u2022 Secretar\u00eda de Extensi\u00f3n Universitaria (Vinculaci\u00f3n Social \u2013 FCEJS).<br>\u2022 Programa de G\u00e9nero, Sociedad y Universidad (FCEJS).<br>\u2022 Programa de Prevenci\u00f3n de Consumos Problem\u00e1ticos (FCEJS).<br>\u2022 Observatorio Universitario del Derecho al Cuidado (Facultad de Derecho \u2013 UNICEN).<br>\u2022 Observatorio Social (FCEJS).<\/p>\n\n\n\n<h3 class=\"wp-block-heading\">Encuesta de opini\u00f3n<\/h3>\n\n\n\n<p>El equipo docente pone a disposici\u00f3n una encuesta de valoraci\u00f3n y proyecci\u00f3n para conocer qu\u00e9 otras tem\u00e1ticas de inter\u00e9s podr\u00edan ser abordadas desde la FCEJS en relaci\u00f3n con los g\u00e9neros y las diversidades, a fin de continuar impulsando el presente ciclo de charlas.<\/p>\n\n\n\n<h3 class=\"wp-block-heading\"><strong><a href=\"https:\/\/forms.gle\/whQW9YsycvFAQLF98\" target=\"_blank\" rel=\"noreferrer noopener\">ENCUESTA DE VALORACI\u00d3N Y PROYECCI\u00d3N<\/a><\/strong><\/h3>\n","protected":false},"excerpt":{"rendered":"<p>La Facultad de Ciencias Econ\u00f3micas, Jur\u00eddicas y Sociales (FCEJS) reafirma su involucramiento en la construcci\u00f3n de sociedades m\u00e1s igualitarias y justas. En el marco de&hellip;<\/p>\n","protected":false},"author":4,"featured_media":2069,"comment_status":"closed","ping_status":"closed","sticky":false,"template":"","format":"standard","meta":{"om_disable_all_campaigns":false,"_exactmetrics_skip_tracking":false,"_exactmetrics_sitenote_active":false,"_exactmetrics_sitenote_note":"","_exactmetrics_sitenote_category":0,"_uf_show_specific_survey":0,"_uf_disable_surveys":false,"footnotes":""},"categories":[8],"tags":[],"class_list":["post-2068","post","type-post","status-publish","format-standard","has-post-thumbnail","hentry","category-novedades"],"_links":{"self":[{"href":"https:\/\/extension.fcejs.unsl.edu.ar\/index.php\/wp-json\/wp\/v2\/posts\/2068","targetHints":{"allow":["GET"]}}],"collection":[{"href":"https:\/\/extension.fcejs.unsl.edu.ar\/index.php\/wp-json\/wp\/v2\/posts"}],"about":[{"href":"https:\/\/extension.fcejs.unsl.edu.ar\/index.php\/wp-json\/wp\/v2\/types\/post"}],"author":[{"embeddable":true,"href":"https:\/\/extension.fcejs.unsl.edu.ar\/index.php\/wp-json\/wp\/v2\/users\/4"}],"replies":[{"embeddable":true,"href":"https:\/\/extension.fcejs.unsl.edu.ar\/index.php\/wp-json\/wp\/v2\/comments?post=2068"}],"version-history":[{"count":1,"href":"https:\/\/extension.fcejs.unsl.edu.ar\/index.php\/wp-json\/wp\/v2\/posts\/2068\/revisions"}],"predecessor-version":[{"id":2070,"href":"https:\/\/extension.fcejs.unsl.edu.ar\/index.php\/wp-json\/wp\/v2\/posts\/2068\/revisions\/2070"}],"wp:featuredmedia":[{"embeddable":true,"href":"https:\/\/extension.fcejs.unsl.edu.ar\/index.php\/wp-json\/wp\/v2\/media\/2069"}],"wp:attachment":[{"href":"https:\/\/extension.fcejs.unsl.edu.ar\/index.php\/wp-json\/wp\/v2\/media?parent=2068"}],"wp:term":[{"taxonomy":"category","embeddable":true,"href":"https:\/\/extension.fcejs.unsl.edu.ar\/index.php\/wp-json\/wp\/v2\/categories?post=2068"},{"taxonomy":"post_tag","embeddable":true,"href":"https:\/\/extension.fcejs.unsl.edu.ar\/index.php\/wp-json\/wp\/v2\/tags?post=2068"}],"curies":[{"name":"wp","href":"https:\/\/api.w.org\/{rel}","templated":true}]}}