{"id":2079,"date":"2026-04-21T11:06:18","date_gmt":"2026-04-21T11:06:18","guid":{"rendered":"https:\/\/extension.fcejs.unsl.edu.ar\/?p=2079"},"modified":"2026-04-21T11:06:22","modified_gmt":"2026-04-21T11:06:22","slug":"programa-de-prevencion-de-consumos-problematicos-taller-drogas-y-algo-mas","status":"publish","type":"post","link":"https:\/\/extension.fcejs.unsl.edu.ar\/index.php\/programa-de-prevencion-de-consumos-problematicos-taller-drogas-y-algo-mas\/","title":{"rendered":"Programa de Prevenci\u00f3n de Consumos Problem\u00e1ticos: Taller Drogas y Algo Mas"},"content":{"rendered":"\n<p>El pr\u00f3ximo&nbsp;<strong>mi\u00e9rcoles 22 de abril, en el Aula de Programas Especiales de la FCEJS, a partir de las 16 hs<\/strong>, se llevar\u00e1 a cabo el&nbsp;<strong>Taller de Drogas y Algo Mas<\/strong>, encuentro organizado por el Programa de Prevenci\u00f3n de Consumos Problem\u00e1ticos&nbsp; y la Secretar\u00eda de Extensi\u00f3n Universitaria de la FCEJS. Se realizar\u00e1 a las&nbsp;<strong>16hs en el Aula de Programas Especiales.<\/strong><\/p>\n\n\n\n<p>Este taller \u00e1ulico colectivo promover\u00e1 herramientas te\u00f3ricas sobre consumos problem\u00e1ticos destinadas a las y los estudiantes de la FCEJS y la FICA, a fin de fomentar una mirada cr\u00edtica y preventiva. Asimismo, propone un espacio de formaci\u00f3n para comprender los consumos problem\u00e1ticos, entendiendo que constituyen una problem\u00e1tica social compleja atravesada por m\u00faltiples y diversos factores.<\/p>\n\n\n\n<p>El abordaje se plantea desde el modelo de Reducci\u00f3n de Da\u00f1os, con un enfoque comunitario subjetivante. Asimismo, se revisar\u00e1 el marco normativo que rige en nuestro pa\u00eds sobre sustancias psicoactivas, incluyendo la Ley de Salud Mental N.\u00ba 26.657, el Plan IACOP N.\u00ba 26.934, la Ley de tenencia y tr\u00e1fico de estupefacientes N.\u00ba 23.737 y la Ley de Uso Medicinal de Cannabis y sus derivados N.\u00ba 27.350.<\/p>\n\n\n\n<p>Este encuentro es coordinado por Adriana Mor\u00e1n y cuenta con la co-coordinaci\u00f3n de Gabriela Noem\u00ed Manrique.<\/p>\n","protected":false},"excerpt":{"rendered":"<p>El pr\u00f3ximo&nbsp;mi\u00e9rcoles 22 de abril, en el Aula de Programas Especiales de la FCEJS, a partir de las 16 hs, se llevar\u00e1 a cabo el&nbsp;Taller&hellip;<\/p>\n","protected":false},"author":3,"featured_media":2080,"comment_status":"closed","ping_status":"closed","sticky":false,"template":"","format":"standard","meta":{"om_disable_all_campaigns":false,"_exactmetrics_skip_tracking":false,"_exactmetrics_sitenote_active":false,"_exactmetrics_sitenote_note":"","_exactmetrics_sitenote_category":0,"_uf_show_specific_survey":0,"_uf_disable_surveys":false,"footnotes":""},"categories":[8],"tags":[],"class_list":["post-2079","post","type-post","status-publish","format-standard","has-post-thumbnail","hentry","category-novedades"],"_links":{"self":[{"href":"https:\/\/extension.fcejs.unsl.edu.ar\/index.php\/wp-json\/wp\/v2\/posts\/2079","targetHints":{"allow":["GET"]}}],"collection":[{"href":"https:\/\/extension.fcejs.unsl.edu.ar\/index.php\/wp-json\/wp\/v2\/posts"}],"about":[{"href":"https:\/\/extension.fcejs.unsl.edu.ar\/index.php\/wp-json\/wp\/v2\/types\/post"}],"author":[{"embeddable":true,"href":"https:\/\/extension.fcejs.unsl.edu.ar\/index.php\/wp-json\/wp\/v2\/users\/3"}],"replies":[{"embeddable":true,"href":"https:\/\/extension.fcejs.unsl.edu.ar\/index.php\/wp-json\/wp\/v2\/comments?post=2079"}],"version-history":[{"count":1,"href":"https:\/\/extension.fcejs.unsl.edu.ar\/index.php\/wp-json\/wp\/v2\/posts\/2079\/revisions"}],"predecessor-version":[{"id":2081,"href":"https:\/\/extension.fcejs.unsl.edu.ar\/index.php\/wp-json\/wp\/v2\/posts\/2079\/revisions\/2081"}],"wp:featuredmedia":[{"embeddable":true,"href":"https:\/\/extension.fcejs.unsl.edu.ar\/index.php\/wp-json\/wp\/v2\/media\/2080"}],"wp:attachment":[{"href":"https:\/\/extension.fcejs.unsl.edu.ar\/index.php\/wp-json\/wp\/v2\/media?parent=2079"}],"wp:term":[{"taxonomy":"category","embeddable":true,"href":"https:\/\/extension.fcejs.unsl.edu.ar\/index.php\/wp-json\/wp\/v2\/categories?post=2079"},{"taxonomy":"post_tag","embeddable":true,"href":"https:\/\/extension.fcejs.unsl.edu.ar\/index.php\/wp-json\/wp\/v2\/tags?post=2079"}],"curies":[{"name":"wp","href":"https:\/\/api.w.org\/{rel}","templated":true}]}}