{"id":2083,"date":"2026-04-30T10:17:39","date_gmt":"2026-04-30T10:17:39","guid":{"rendered":"https:\/\/extension.fcejs.unsl.edu.ar\/?p=2083"},"modified":"2026-04-30T10:17:41","modified_gmt":"2026-04-30T10:17:41","slug":"seminario-virtual-sobre-derecho-ambiental-inicia-el-30-de-abril","status":"publish","type":"post","link":"https:\/\/extension.fcejs.unsl.edu.ar\/index.php\/seminario-virtual-sobre-derecho-ambiental-inicia-el-30-de-abril\/","title":{"rendered":"Seminario virtual sobre Derecho Ambiental inicia el 30 de abril"},"content":{"rendered":"\n<p>La Secretar\u00eda de Extensi\u00f3n Universitaria invita a participar de la tercera edici\u00f3n del<strong>&nbsp;Seminario sobre Actualizaci\u00f3n en Derecho Ambiental: Desaf\u00edos y Nuevas Perspectivas<\/strong>, que se desarrollar\u00e1 de forma virtual a partir del&nbsp;<strong>30 de abril de 2026, desde las 17 horas.<\/strong><\/p>\n\n\n\n<p>Este seminario est\u00e1 destinado a estudiantes, profesionales de distintas disciplinas cient\u00edficas y t\u00e9cnicas, y al \u00e1mbito acad\u00e9mico en general interesados en la tem\u00e1tica ambiental.&nbsp;<strong>Se dictar\u00e1 el \u00faltimo jueves de cada mes hasta el 29 de octubre.<\/strong><\/p>\n\n\n\n<h3 class=\"wp-block-heading\"><a href=\"https:\/\/cursos.derecho.unc.edu.ar\/\" target=\"_blank\" rel=\"noreferrer noopener\"><strong>INSCRIPCIONES<\/strong><\/a><\/h3>\n\n\n\n<p>El ciclo de charlas propuesto constituye la continuidad de las ediciones 2024 y 2025, que contaron con una amplia participaci\u00f3n e inter\u00e9s por parte de la comunidad acad\u00e9mica y profesional. Esta tercera edici\u00f3n se inscribe en las actividades de los proyectos de investigaci\u00f3n radicados en el Centro de Investigaciones Jur\u00eddicas y Sociales de la Universidad Nacional de C\u00f3rdoba (CIJS-UNC), en el Instituto de Derecho Ambiental y de los Recursos Naturales de la Universidad Cat\u00f3lica de C\u00f3rdoba (IDAyRN-UCC) y en el Centro de Investigaciones en Derecho y Pol\u00edtica Ambiental de la Facultad de Ciencias Econ\u00f3micas, Jur\u00eddicas y Sociales de la Universidad Nacional de San Luis (CIDPA-FCEJS-UNSL), consolidando un espacio de intercambio y producci\u00f3n colectiva de conocimiento.<\/p>\n\n\n\n<p>A tal fin, se ha convocado a especialistas en derecho ambiental de distintas universidades del pa\u00eds, con el objetivo de abordar los desaf\u00edos actuales y las nuevas perspectivas de an\u00e1lisis en la materia. La interacci\u00f3n con expertos, junto con la presentaci\u00f3n de resultados de investigaci\u00f3n y el an\u00e1lisis de problem\u00e1ticas ambientales, permite enriquecer la reflexi\u00f3n y el debate. El ciclo se configura como un \u00e1mbito propicio para la articulaci\u00f3n entre teor\u00eda y pr\u00e1ctica, favoreciendo la actualizaci\u00f3n acad\u00e9mica, la discusi\u00f3n y la generaci\u00f3n de herramientas para el abordaje de conflictos ambientales. Asimismo, constituye un espacio relevante para investigadores\/as, becarios\/as, tesistas y profesionales, promoviendo la difusi\u00f3n, circulaci\u00f3n y transferencia del conocimiento hacia distintos actores involucrados en la tem\u00e1tica ambiental.<\/p>\n\n\n\n<p>El seminario es dirigido por la Dra. Marta S. Juli\u00e1, con la colaboraci\u00f3n de la Dra. Eugenia P\u00e9rez Cubero, la coordinaci\u00f3n de la Esp. Mar\u00eda Eugenia Villalba y la Ab. Milagros Kekutt. Moderar\u00e1n los diferentes encuentros la Ab. Virginia Torre y la Ab. Marina Elba Ardiles Lami.<\/p>\n\n\n\n<p><strong>Organizan:<\/strong><\/p>\n\n\n\n<ul class=\"wp-block-list\">\n<li>Secretar\u00eda de Extensi\u00f3n Universitaria, FCEJS-UNSL<\/li>\n\n\n\n<li>Centro de Investigaciones en Derecho y Pol\u00edtica Ambiental, FCEJS-UNSL<\/li>\n\n\n\n<li>Centro de Investigaciones Jur\u00eddicas y Sociales, UNC<\/li>\n\n\n\n<li>Instituto de Derecho Ambiental y de los Recursos Naturales, UCC<\/li>\n<\/ul>\n","protected":false},"excerpt":{"rendered":"<p>La Secretar\u00eda de Extensi\u00f3n Universitaria invita a participar de la tercera edici\u00f3n del&nbsp;Seminario sobre Actualizaci\u00f3n en Derecho Ambiental: Desaf\u00edos y Nuevas Perspectivas, que se desarrollar\u00e1&hellip;<\/p>\n","protected":false},"author":3,"featured_media":2084,"comment_status":"closed","ping_status":"closed","sticky":false,"template":"","format":"standard","meta":{"om_disable_all_campaigns":false,"_exactmetrics_skip_tracking":false,"_exactmetrics_sitenote_active":false,"_exactmetrics_sitenote_note":"","_exactmetrics_sitenote_category":0,"_uf_show_specific_survey":0,"_uf_disable_surveys":false,"footnotes":""},"categories":[8],"tags":[],"class_list":["post-2083","post","type-post","status-publish","format-standard","has-post-thumbnail","hentry","category-novedades"],"_links":{"self":[{"href":"https:\/\/extension.fcejs.unsl.edu.ar\/index.php\/wp-json\/wp\/v2\/posts\/2083","targetHints":{"allow":["GET"]}}],"collection":[{"href":"https:\/\/extension.fcejs.unsl.edu.ar\/index.php\/wp-json\/wp\/v2\/posts"}],"about":[{"href":"https:\/\/extension.fcejs.unsl.edu.ar\/index.php\/wp-json\/wp\/v2\/types\/post"}],"author":[{"embeddable":true,"href":"https:\/\/extension.fcejs.unsl.edu.ar\/index.php\/wp-json\/wp\/v2\/users\/3"}],"replies":[{"embeddable":true,"href":"https:\/\/extension.fcejs.unsl.edu.ar\/index.php\/wp-json\/wp\/v2\/comments?post=2083"}],"version-history":[{"count":1,"href":"https:\/\/extension.fcejs.unsl.edu.ar\/index.php\/wp-json\/wp\/v2\/posts\/2083\/revisions"}],"predecessor-version":[{"id":2085,"href":"https:\/\/extension.fcejs.unsl.edu.ar\/index.php\/wp-json\/wp\/v2\/posts\/2083\/revisions\/2085"}],"wp:featuredmedia":[{"embeddable":true,"href":"https:\/\/extension.fcejs.unsl.edu.ar\/index.php\/wp-json\/wp\/v2\/media\/2084"}],"wp:attachment":[{"href":"https:\/\/extension.fcejs.unsl.edu.ar\/index.php\/wp-json\/wp\/v2\/media?parent=2083"}],"wp:term":[{"taxonomy":"category","embeddable":true,"href":"https:\/\/extension.fcejs.unsl.edu.ar\/index.php\/wp-json\/wp\/v2\/categories?post=2083"},{"taxonomy":"post_tag","embeddable":true,"href":"https:\/\/extension.fcejs.unsl.edu.ar\/index.php\/wp-json\/wp\/v2\/tags?post=2083"}],"curies":[{"name":"wp","href":"https:\/\/api.w.org\/{rel}","templated":true}]}}