{"id":2192,"date":"2026-09-01T10:59:14","date_gmt":"2026-09-01T10:59:14","guid":{"rendered":"https:\/\/extension.fcejs.unsl.edu.ar\/?p=2192"},"modified":"2026-09-01T10:59:17","modified_gmt":"2026-09-01T10:59:17","slug":"tejiendo-lazos-sociales-entre-personas-mayores-una-nueva-propuesta-de-la-fcejs","status":"publish","type":"post","link":"https:\/\/extension.fcejs.unsl.edu.ar\/index.php\/tejiendo-lazos-sociales-entre-personas-mayores-una-nueva-propuesta-de-la-fcejs\/","title":{"rendered":"\u201cTejiendo lazos sociales entre personas mayores\u201d: una nueva propuesta de la FCEJS"},"content":{"rendered":"\n<p class=\"wp-block-paragraph\">El pr\u00f3ximo&nbsp;<strong>1 de septiembre<\/strong>&nbsp;comenzar\u00e1 el dictado del taller&nbsp;<strong>\u201cTejiendo lazos sociales entre personas mayores\u201d<\/strong>, una nueva propuesta libre y gratuita impulsada por la Secretar\u00eda de Extensi\u00f3n Universitaria de la Facultad de Ciencias Econ\u00f3micas, Jur\u00eddicas y Sociales (FCEJS), destinada a personas mayores de 60 a\u00f1os.<\/p>\n\n\n\n<p class=\"wp-block-paragraph\">Los encuentros se desarrollar\u00e1n durante septiembre, octubre y noviembre, los d\u00edas martes a partir de las 17:00, en la&nbsp;<strong>Biblioteca e Instituto de Cultura Popular Bernardino Rivadavia<\/strong>, ubicada en Av. Bartolom\u00e9 Mitre 1636, Villa Mercedes. La propuesta tendr\u00e1 una frecuencia semanal, ser\u00e1 presencial y cada encuentro tendr\u00e1 una duraci\u00f3n de dos horas.<\/p>\n\n\n\n<p class=\"wp-block-paragraph\">El taller tiene como finalidad generar un espacio vivencial y experiencial de intercambio que favorezca la construcci\u00f3n de v\u00ednculos entre personas mayores a trav\u00e9s de actividades l\u00fadicas orientadas a fortalecer los procesos de socializaci\u00f3n y promover el bienestar f\u00edsico, mental y emocional.<\/p>\n\n\n\n<p class=\"wp-block-paragraph\">Asimismo, se busca generar espacios de narrativa grupal que promuevan el intercambio y la participaci\u00f3n activa, como as\u00ed tambi\u00e9n un lugar de encuentro y creaci\u00f3n de redes de apoyo. Para ello, se desarrollar\u00e1n actividades destinadas a estimular la creatividad y facilitar la comunicaci\u00f3n y la expresi\u00f3n emocional.<\/p>\n\n\n\n<p class=\"wp-block-paragraph\">Para participar de esta propuesta extensionista, es necesario inscribirse previamente al inicio de la actividad, ya sea en el lugar de encuentro o mediante el siguiente formulario:<\/p>\n\n\n\n<h3 class=\"wp-block-heading\"><strong><a href=\"https:\/\/forms.gle\/GAbvu2tm7Hx5gW7f8?utm_source=chatgpt.com\" target=\"_blank\" rel=\"noopener\">FORMULARIO DE INSCRIPCI\u00d3N<\/a><\/strong><\/h3>\n\n\n\n<p class=\"wp-block-paragraph\"><strong>Coordinaci\u00f3n:<\/strong>&nbsp;Lic. Albertina Massana, Mgtr. Luis Balmaceda y Esp. Luna Guti\u00e9rrez.<\/p>\n\n\n\n<p class=\"wp-block-paragraph\"><strong>Estudiantes TIF:<\/strong>&nbsp;TUAT Eliana Merlo y TUAT Estela Garc\u00eda.<\/p>\n\n\n\n<h3 class=\"wp-block-heading\">Organizan<\/h3>\n\n\n\n<ul class=\"wp-block-list\">\n<li>Asignatura \u201cTIF: Sistematizaci\u00f3n\u201d del Ciclo de Complementaci\u00f3n Curricular (CCC) de la Licenciatura en Acompa\u00f1amiento Terap\u00e9utico de la FCEJS-UNSL.<\/li>\n\n\n\n<li>Programa de Integraci\u00f3n Social de Personas Mayores.<\/li>\n\n\n\n<li>Secretar\u00eda de Extensi\u00f3n Universitaria de la Facultad de Ciencias Econ\u00f3micas, Jur\u00eddicas y Sociales de la Universidad Nacional de San Luis.<\/li>\n\n\n\n<li>Proyecto de Investigaci\u00f3n N.\u00ba 15-1226,\u00a0<strong>\u201cPol\u00edticas de desarrollo socioecon\u00f3mico en la provincia de San Luis. El discurso de la \u00e9poca y su incidencia en la subjetividad y el lazo social\u201d<\/strong>. Resoluci\u00f3n CD N.\u00ba 85\/2025.<\/li>\n<\/ul>\n","protected":false},"excerpt":{"rendered":"<p>El pr\u00f3ximo&nbsp;1 de septiembre&nbsp;comenzar\u00e1 el dictado del taller&nbsp;\u201cTejiendo lazos sociales entre personas mayores\u201d, una nueva propuesta libre y gratuita impulsada por la Secretar\u00eda de Extensi\u00f3n&hellip;<\/p>\n","protected":false},"author":3,"featured_media":2193,"comment_status":"closed","ping_status":"closed","sticky":false,"template":"","format":"standard","meta":{"om_disable_all_campaigns":false,"_exactmetrics_skip_tracking":false,"_uf_show_specific_survey":0,"_uf_disable_surveys":false,"footnotes":""},"categories":[8],"tags":[],"class_list":["post-2192","post","type-post","status-publish","format-standard","has-post-thumbnail","hentry","category-novedades"],"_links":{"self":[{"href":"https:\/\/extension.fcejs.unsl.edu.ar\/index.php\/wp-json\/wp\/v2\/posts\/2192","targetHints":{"allow":["GET"]}}],"collection":[{"href":"https:\/\/extension.fcejs.unsl.edu.ar\/index.php\/wp-json\/wp\/v2\/posts"}],"about":[{"href":"https:\/\/extension.fcejs.unsl.edu.ar\/index.php\/wp-json\/wp\/v2\/types\/post"}],"author":[{"embeddable":true,"href":"https:\/\/extension.fcejs.unsl.edu.ar\/index.php\/wp-json\/wp\/v2\/users\/3"}],"replies":[{"embeddable":true,"href":"https:\/\/extension.fcejs.unsl.edu.ar\/index.php\/wp-json\/wp\/v2\/comments?post=2192"}],"version-history":[{"count":1,"href":"https:\/\/extension.fcejs.unsl.edu.ar\/index.php\/wp-json\/wp\/v2\/posts\/2192\/revisions"}],"predecessor-version":[{"id":2194,"href":"https:\/\/extension.fcejs.unsl.edu.ar\/index.php\/wp-json\/wp\/v2\/posts\/2192\/revisions\/2194"}],"wp:featuredmedia":[{"embeddable":true,"href":"https:\/\/extension.fcejs.unsl.edu.ar\/index.php\/wp-json\/wp\/v2\/media\/2193"}],"wp:attachment":[{"href":"https:\/\/extension.fcejs.unsl.edu.ar\/index.php\/wp-json\/wp\/v2\/media?parent=2192"}],"wp:term":[{"taxonomy":"category","embeddable":true,"href":"https:\/\/extension.fcejs.unsl.edu.ar\/index.php\/wp-json\/wp\/v2\/categories?post=2192"},{"taxonomy":"post_tag","embeddable":true,"href":"https:\/\/extension.fcejs.unsl.edu.ar\/index.php\/wp-json\/wp\/v2\/tags?post=2192"}],"curies":[{"name":"wp","href":"https:\/\/api.w.org\/{rel}","templated":true}]}}