{"id":2195,"date":"2026-09-01T11:02:19","date_gmt":"2026-09-01T11:02:19","guid":{"rendered":"https:\/\/extension.fcejs.unsl.edu.ar\/?p=2195"},"modified":"2026-09-01T11:02:22","modified_gmt":"2026-09-01T11:02:22","slug":"la-fcejs-acompana-la-semana-de-la-prevencion-de-adicciones-y-consumos-problematicos","status":"publish","type":"post","link":"https:\/\/extension.fcejs.unsl.edu.ar\/index.php\/la-fcejs-acompana-la-semana-de-la-prevencion-de-adicciones-y-consumos-problematicos\/","title":{"rendered":"La FCEJS acompa\u00f1a la Semana de la Prevenci\u00f3n de Adicciones y Consumos Problem\u00e1ticos"},"content":{"rendered":"\n<p class=\"wp-block-paragraph\">La Secretar\u00eda de Extensi\u00f3n Universitaria, con funciones de Vinculaci\u00f3n Social, y el Programa de Prevenci\u00f3n de Consumos Problem\u00e1ticos de la Facultad de Ciencias Econ\u00f3micas, Jur\u00eddicas y Sociales (FCEJS) invitan a la comunidad universitaria y al p\u00fablico en general a participar en las actividades organizadas por la&nbsp;<strong>Red Intersectorial para la Prevenci\u00f3n de Adicciones y Consumos Problem\u00e1ticos<\/strong>, en el marco de la&nbsp;<strong>Semana Provincial de Prevenci\u00f3n de Consumos Problem\u00e1ticos<\/strong>, que se desarrollar\u00e1 del&nbsp;<strong>25 al 31 de agosto en Villa Mercedes<\/strong>.<\/p>\n\n\n\n<p class=\"wp-block-paragraph\">Bajo el lema&nbsp;<strong>\u201cEncontrarnos, concientizar y fortalecer juntos el compromiso con la prevenci\u00f3n\u201d<\/strong>, se llevar\u00e1n a cabo tres jornadas abiertas y gratuitas:<\/p>\n\n\n\n<h3 class=\"wp-block-heading\"><img decoding=\"async\" alt=\"\ud83d\udd35\" src=\"https:\/\/s.w.org\/images\/core\/emoji\/17.0.2\/svg\/1f535.svg\">&nbsp;Caminata Azul<\/h3>\n\n\n\n<p class=\"wp-block-paragraph\"><strong>Mi\u00e9rcoles 26 de agosto | 16:30<\/strong><\/p>\n\n\n\n<p class=\"wp-block-paragraph\"><img decoding=\"async\" alt=\"\ud83d\udccd\" src=\"https:\/\/s.w.org\/images\/core\/emoji\/17.0.2\/svg\/1f4cd.svg\">&nbsp;Desde&nbsp;<strong>Plaza Pedernera<\/strong>&nbsp;hasta&nbsp;<strong>Plaza del Sesquicentenario<\/strong>.<\/p>\n\n\n\n<h3 class=\"wp-block-heading\"><img decoding=\"async\" alt=\"\ud83c\udfaa\" src=\"https:\/\/s.w.org\/images\/core\/emoji\/17.0.2\/svg\/1f3aa.svg\">&nbsp;Kermesse Preventiva<\/h3>\n\n\n\n<p class=\"wp-block-paragraph\"><strong>S\u00e1bado 29 de agosto | 15:00 a 18:00<\/strong><\/p>\n\n\n\n<p class=\"wp-block-paragraph\"><img decoding=\"async\" alt=\"\ud83d\udccd\" src=\"https:\/\/s.w.org\/images\/core\/emoji\/17.0.2\/svg\/1f4cd.svg\">&nbsp;<strong>Plaza San Mart\u00edn<\/strong>, sector de calle Curupayt\u00ed.<\/p>\n\n\n\n<h3 class=\"wp-block-heading\"><img decoding=\"async\" alt=\"\ud83d\udcac\" src=\"https:\/\/s.w.org\/images\/core\/emoji\/17.0.2\/svg\/1f4ac.svg\">&nbsp;Conversatorio<\/h3>\n\n\n\n<p class=\"wp-block-paragraph\"><strong>Lunes 31 de agosto | 14:00 a 17:00<\/strong><\/p>\n\n\n\n<p class=\"wp-block-paragraph\"><img decoding=\"async\" alt=\"\ud83d\udccd\" src=\"https:\/\/s.w.org\/images\/core\/emoji\/17.0.2\/svg\/1f4cd.svg\">&nbsp;<strong>Complejo Molino F\u00e9nix<\/strong>.<\/p>\n\n\n\n<p class=\"wp-block-paragraph\">Como integrante de la Red, la FCEJS adhiere y acompa\u00f1a esta iniciativa, que promueve la construcci\u00f3n colectiva de herramientas de prevenci\u00f3n, cuidado y promoci\u00f3n de la salud.<\/p>\n\n\n\n<p class=\"wp-block-paragraph\"><strong>Organiza:<\/strong>&nbsp;Red Intersectorial para la Prevenci\u00f3n de Adicciones y Consumos Problem\u00e1ticos.<\/p>\n","protected":false},"excerpt":{"rendered":"<p>La Secretar\u00eda de Extensi\u00f3n Universitaria, con funciones de Vinculaci\u00f3n Social, y el Programa de Prevenci\u00f3n de Consumos Problem\u00e1ticos de la Facultad de Ciencias Econ\u00f3micas, Jur\u00eddicas&hellip;<\/p>\n","protected":false},"author":3,"featured_media":2196,"comment_status":"closed","ping_status":"closed","sticky":false,"template":"","format":"standard","meta":{"om_disable_all_campaigns":false,"_exactmetrics_skip_tracking":false,"_uf_show_specific_survey":0,"_uf_disable_surveys":false,"footnotes":""},"categories":[8],"tags":[],"class_list":["post-2195","post","type-post","status-publish","format-standard","has-post-thumbnail","hentry","category-novedades"],"_links":{"self":[{"href":"https:\/\/extension.fcejs.unsl.edu.ar\/index.php\/wp-json\/wp\/v2\/posts\/2195","targetHints":{"allow":["GET"]}}],"collection":[{"href":"https:\/\/extension.fcejs.unsl.edu.ar\/index.php\/wp-json\/wp\/v2\/posts"}],"about":[{"href":"https:\/\/extension.fcejs.unsl.edu.ar\/index.php\/wp-json\/wp\/v2\/types\/post"}],"author":[{"embeddable":true,"href":"https:\/\/extension.fcejs.unsl.edu.ar\/index.php\/wp-json\/wp\/v2\/users\/3"}],"replies":[{"embeddable":true,"href":"https:\/\/extension.fcejs.unsl.edu.ar\/index.php\/wp-json\/wp\/v2\/comments?post=2195"}],"version-history":[{"count":1,"href":"https:\/\/extension.fcejs.unsl.edu.ar\/index.php\/wp-json\/wp\/v2\/posts\/2195\/revisions"}],"predecessor-version":[{"id":2197,"href":"https:\/\/extension.fcejs.unsl.edu.ar\/index.php\/wp-json\/wp\/v2\/posts\/2195\/revisions\/2197"}],"wp:featuredmedia":[{"embeddable":true,"href":"https:\/\/extension.fcejs.unsl.edu.ar\/index.php\/wp-json\/wp\/v2\/media\/2196"}],"wp:attachment":[{"href":"https:\/\/extension.fcejs.unsl.edu.ar\/index.php\/wp-json\/wp\/v2\/media?parent=2195"}],"wp:term":[{"taxonomy":"category","embeddable":true,"href":"https:\/\/extension.fcejs.unsl.edu.ar\/index.php\/wp-json\/wp\/v2\/categories?post=2195"},{"taxonomy":"post_tag","embeddable":true,"href":"https:\/\/extension.fcejs.unsl.edu.ar\/index.php\/wp-json\/wp\/v2\/tags?post=2195"}],"curies":[{"name":"wp","href":"https:\/\/api.w.org\/{rel}","templated":true}]}}