{"id":2198,"date":"2026-09-03T10:37:11","date_gmt":"2026-09-03T10:37:11","guid":{"rendered":"https:\/\/extension.fcejs.unsl.edu.ar\/?p=2198"},"modified":"2026-09-03T10:37:14","modified_gmt":"2026-09-03T10:37:14","slug":"se-viene-la-4-a-maraton-universitaria-de-la-unsl-en-villa-mercedes","status":"publish","type":"post","link":"https:\/\/extension.fcejs.unsl.edu.ar\/index.php\/se-viene-la-4-a-maraton-universitaria-de-la-unsl-en-villa-mercedes\/","title":{"rendered":"Se viene la 4.\u00aa Marat\u00f3n Universitaria de la UNSL en Villa Mercedes"},"content":{"rendered":"\n<p class=\"wp-block-paragraph\">La Secretar\u00eda de Extensi\u00f3n Universitaria, con funciones de Vinculaci\u00f3n Social, de la Facultad de Ciencias Econ\u00f3micas, Jur\u00eddicas y Sociales (FCEJS), y la Subsecretar\u00eda de Asuntos Estudiantiles y Bienestar Universitario (SAEBU) invitan a la comunidad universitaria y al p\u00fablico en general a participar de la&nbsp;<strong>4.\u00aa Marat\u00f3n Universitaria de la UNSL<\/strong>, que se realizar\u00e1 el pr\u00f3ximo&nbsp;<strong>17 de octubre<\/strong>&nbsp;en el Campus Universitario de la UNSL en Villa Mercedes.<\/p>\n\n\n\n<p class=\"wp-block-paragraph\">La propuesta contempla tres categor\u00edas: 5k 10k y participativo. Gratuito para estudiantes de la UNSL y personas con discapacidad. El resto 10000$ sin remera y $20000 con remera<\/p>\n\n\n\n<p class=\"wp-block-paragraph\">Las personas interesadas deber\u00e1n inscribirse previamente a trav\u00e9s del siguiente formulario:<\/p>\n\n\n\n<h3 class=\"wp-block-heading\"><strong><a href=\"https:\/\/docs.google.com\/forms\/d\/e\/1FAIpQLSfs51lQY_psmuVC85A3IbkCex1JT7B_-j6nulQ0VJMthpCuOQ\/viewform?usp=send_form&amp;utm_source=chatgpt.com\" target=\"_blank\" rel=\"noopener\">FORMULARIO DE INSCRIPCI\u00d3N<\/a><\/strong><\/h3>\n\n\n\n<p class=\"wp-block-paragraph\">La actividad est\u00e1 dirigida a la comunidad universitaria, agrupaciones del medio y p\u00fablico en general, con el objetivo de generar un espacio de encuentro y participaci\u00f3n que promueva la actividad f\u00edsica y el compromiso de la UNSL con el desarrollo integral de la comunidad.<\/p>\n\n\n\n<p class=\"wp-block-paragraph\">La organizaci\u00f3n y coordinaci\u00f3n de esta actividad deportiva est\u00e1n a cargo de la Secretar\u00eda de Extensi\u00f3n Universitaria, con funciones de Vinculaci\u00f3n Social, de la FCEJS y la Subsecretar\u00eda de Asuntos Estudiantiles y Bienestar Universitario (SAEBU).<\/p>\n\n\n\n<h3 class=\"wp-block-heading\"><img decoding=\"async\" alt=\"\ud83d\udcc5\" src=\"https:\/\/s.w.org\/images\/core\/emoji\/17.0.2\/svg\/1f4c5.svg\">&nbsp;Informaci\u00f3n de la jornada<\/h3>\n\n\n\n<p class=\"wp-block-paragraph\"><strong>17 de octubre<\/strong><\/p>\n\n\n\n<p class=\"wp-block-paragraph\"><img decoding=\"async\" alt=\"\ud83d\udd57\" src=\"https:\/\/s.w.org\/images\/core\/emoji\/17.0.2\/svg\/1f557.svg\">&nbsp;<strong>08:00 \u2013 Acreditaci\u00f3n<\/strong><br><img decoding=\"async\" alt=\"\ud83c\udfc3\" src=\"https:\/\/s.w.org\/images\/core\/emoji\/17.0.2\/svg\/1f3c3.svg\">&nbsp;<strong>09:00 \u2013 Largada<\/strong><br><img decoding=\"async\" alt=\"\ud83d\udccd\" src=\"https:\/\/s.w.org\/images\/core\/emoji\/17.0.2\/svg\/1f4cd.svg\">&nbsp;<strong>Campus Universitario de la UNSL<\/strong><br>Autopista 55, extremo norte, Villa Mercedes.<\/p>\n","protected":false},"excerpt":{"rendered":"<p>La Secretar\u00eda de Extensi\u00f3n Universitaria, con funciones de Vinculaci\u00f3n Social, de la Facultad de Ciencias Econ\u00f3micas, Jur\u00eddicas y Sociales (FCEJS), y la Subsecretar\u00eda de Asuntos&hellip;<\/p>\n","protected":false},"author":3,"featured_media":2199,"comment_status":"closed","ping_status":"closed","sticky":false,"template":"","format":"standard","meta":{"om_disable_all_campaigns":false,"_exactmetrics_skip_tracking":false,"_uf_show_specific_survey":0,"_uf_disable_surveys":false,"footnotes":""},"categories":[8],"tags":[],"class_list":["post-2198","post","type-post","status-publish","format-standard","has-post-thumbnail","hentry","category-novedades"],"_links":{"self":[{"href":"https:\/\/extension.fcejs.unsl.edu.ar\/index.php\/wp-json\/wp\/v2\/posts\/2198","targetHints":{"allow":["GET"]}}],"collection":[{"href":"https:\/\/extension.fcejs.unsl.edu.ar\/index.php\/wp-json\/wp\/v2\/posts"}],"about":[{"href":"https:\/\/extension.fcejs.unsl.edu.ar\/index.php\/wp-json\/wp\/v2\/types\/post"}],"author":[{"embeddable":true,"href":"https:\/\/extension.fcejs.unsl.edu.ar\/index.php\/wp-json\/wp\/v2\/users\/3"}],"replies":[{"embeddable":true,"href":"https:\/\/extension.fcejs.unsl.edu.ar\/index.php\/wp-json\/wp\/v2\/comments?post=2198"}],"version-history":[{"count":1,"href":"https:\/\/extension.fcejs.unsl.edu.ar\/index.php\/wp-json\/wp\/v2\/posts\/2198\/revisions"}],"predecessor-version":[{"id":2200,"href":"https:\/\/extension.fcejs.unsl.edu.ar\/index.php\/wp-json\/wp\/v2\/posts\/2198\/revisions\/2200"}],"wp:featuredmedia":[{"embeddable":true,"href":"https:\/\/extension.fcejs.unsl.edu.ar\/index.php\/wp-json\/wp\/v2\/media\/2199"}],"wp:attachment":[{"href":"https:\/\/extension.fcejs.unsl.edu.ar\/index.php\/wp-json\/wp\/v2\/media?parent=2198"}],"wp:term":[{"taxonomy":"category","embeddable":true,"href":"https:\/\/extension.fcejs.unsl.edu.ar\/index.php\/wp-json\/wp\/v2\/categories?post=2198"},{"taxonomy":"post_tag","embeddable":true,"href":"https:\/\/extension.fcejs.unsl.edu.ar\/index.php\/wp-json\/wp\/v2\/tags?post=2198"}],"curies":[{"name":"wp","href":"https:\/\/api.w.org\/{rel}","templated":true}]}}