{"id":2201,"date":"2026-09-03T10:40:42","date_gmt":"2026-09-03T10:40:42","guid":{"rendered":"https:\/\/extension.fcejs.unsl.edu.ar\/?p=2201"},"modified":"2026-09-03T10:40:43","modified_gmt":"2026-09-03T10:40:43","slug":"una-jornada-para-repensar-la-judicializacion-desde-una-perspectiva-de-derechos","status":"publish","type":"post","link":"https:\/\/extension.fcejs.unsl.edu.ar\/index.php\/una-jornada-para-repensar-la-judicializacion-desde-una-perspectiva-de-derechos\/","title":{"rendered":"Una jornada para repensar la judicializaci\u00f3n desde una perspectiva de derechos"},"content":{"rendered":"\n<p class=\"wp-block-paragraph\">Con la participaci\u00f3n de m\u00e1s de 150 personas, el pasado 14 de agosto se desarroll\u00f3 en la Escuela de Econom\u00eda, Negocios y Transferencia Tecnol\u00f3gica de la Facultad de Ciencias Econ\u00f3micas, Jur\u00eddicas y Sociales (FCEJS) la Jornada de Actualizaci\u00f3n&nbsp;<strong>\u201cPerspectiva de derechos ante la judicializaci\u00f3n de situaciones de vida\u201d<\/strong>.<\/p>\n\n\n\n<p class=\"wp-block-paragraph\">La propuesta tuvo como objetivo generar un espacio de reflexi\u00f3n, intercambio y construcci\u00f3n colectiva de estrategias para que los equipos de salud puedan analizar cr\u00edticamente las pr\u00e1cticas de judicializaci\u00f3n y fortalecer intervenciones integrales, oportunas y respetuosas de las personas, en consonancia con el marco normativo vigente.<\/p>\n\n\n\n<p class=\"wp-block-paragraph\">Durante el encuentro se abordaron distintas situaciones vinculadas con la salud y la vida desde una perspectiva de derechos y de g\u00e9nero, poniendo en discusi\u00f3n las responsabilidades de los agentes p\u00fablicos frente a problem\u00e1ticas que llegan al \u00e1mbito judicial y aquellas situaciones que no requieren judicializaci\u00f3n. Tambi\u00e9n se analizaron las implicancias que estos procesos pueden generar en las personas, sus familias, las comunidades y los propios equipos que intervienen.<\/p>\n\n\n\n<p class=\"wp-block-paragraph\">La jornada cont\u00f3 con la participaci\u00f3n de profesionales vinculados al \u00e1mbito judicial, acad\u00e9mico y de la salud, quienes aportaron diferentes miradas y experiencias para enriquecer el intercambio con quienes asistieron.<\/p>\n\n\n\n<p class=\"wp-block-paragraph\">La actividad fue organizada por la&nbsp;<strong>Asociaci\u00f3n de Medicina General y Equipos de Salud (AMGyES) de la provincia de San Luis<\/strong>, con el acompa\u00f1amiento de la Secretar\u00eda de Extensi\u00f3n de la FCEJS, y estuvo destinada a integrantes de equipos de salud y de organismos de gobierno provinciales y municipales.<\/p>\n","protected":false},"excerpt":{"rendered":"<p>Con la participaci\u00f3n de m\u00e1s de 150 personas, el pasado 14 de agosto se desarroll\u00f3 en la Escuela de Econom\u00eda, Negocios y Transferencia Tecnol\u00f3gica de&hellip;<\/p>\n","protected":false},"author":3,"featured_media":2202,"comment_status":"closed","ping_status":"closed","sticky":false,"template":"","format":"standard","meta":{"om_disable_all_campaigns":false,"_exactmetrics_skip_tracking":false,"_uf_show_specific_survey":0,"_uf_disable_surveys":false,"footnotes":""},"categories":[8],"tags":[],"class_list":["post-2201","post","type-post","status-publish","format-standard","has-post-thumbnail","hentry","category-novedades"],"_links":{"self":[{"href":"https:\/\/extension.fcejs.unsl.edu.ar\/index.php\/wp-json\/wp\/v2\/posts\/2201","targetHints":{"allow":["GET"]}}],"collection":[{"href":"https:\/\/extension.fcejs.unsl.edu.ar\/index.php\/wp-json\/wp\/v2\/posts"}],"about":[{"href":"https:\/\/extension.fcejs.unsl.edu.ar\/index.php\/wp-json\/wp\/v2\/types\/post"}],"author":[{"embeddable":true,"href":"https:\/\/extension.fcejs.unsl.edu.ar\/index.php\/wp-json\/wp\/v2\/users\/3"}],"replies":[{"embeddable":true,"href":"https:\/\/extension.fcejs.unsl.edu.ar\/index.php\/wp-json\/wp\/v2\/comments?post=2201"}],"version-history":[{"count":1,"href":"https:\/\/extension.fcejs.unsl.edu.ar\/index.php\/wp-json\/wp\/v2\/posts\/2201\/revisions"}],"predecessor-version":[{"id":2203,"href":"https:\/\/extension.fcejs.unsl.edu.ar\/index.php\/wp-json\/wp\/v2\/posts\/2201\/revisions\/2203"}],"wp:featuredmedia":[{"embeddable":true,"href":"https:\/\/extension.fcejs.unsl.edu.ar\/index.php\/wp-json\/wp\/v2\/media\/2202"}],"wp:attachment":[{"href":"https:\/\/extension.fcejs.unsl.edu.ar\/index.php\/wp-json\/wp\/v2\/media?parent=2201"}],"wp:term":[{"taxonomy":"category","embeddable":true,"href":"https:\/\/extension.fcejs.unsl.edu.ar\/index.php\/wp-json\/wp\/v2\/categories?post=2201"},{"taxonomy":"post_tag","embeddable":true,"href":"https:\/\/extension.fcejs.unsl.edu.ar\/index.php\/wp-json\/wp\/v2\/tags?post=2201"}],"curies":[{"name":"wp","href":"https:\/\/api.w.org\/{rel}","templated":true}]}}