{"id":2204,"date":"2026-09-04T10:45:23","date_gmt":"2026-09-04T10:45:23","guid":{"rendered":"https:\/\/extension.fcejs.unsl.edu.ar\/?p=2204"},"modified":"2026-09-04T10:45:26","modified_gmt":"2026-09-04T10:45:26","slug":"encuentro-por-los-diez-anos-de-trayectoria-en-acompanamiento-terapeutico","status":"publish","type":"post","link":"https:\/\/extension.fcejs.unsl.edu.ar\/index.php\/encuentro-por-los-diez-anos-de-trayectoria-en-acompanamiento-terapeutico\/","title":{"rendered":"Encuentro por los diez a\u00f1os de trayectoria en Acompa\u00f1amiento Terap\u00e9utico\u00a0"},"content":{"rendered":"\n<p class=\"wp-block-paragraph\">La Facultad de Ciencias Econ\u00f3micas, Jur\u00eddicas y Sociales (FCEJS) convoca a la comunidad acad\u00e9mica y a profesionales al Encuentro de Acompa\u00f1amiento Terap\u00e9utico \u201cVoces, saberes y pr\u00e1cticas \u2013 Diez a\u00f1os de trayectoria y formaci\u00f3n profesional\u201d. El evento se desarrollar\u00e1 el pr\u00f3ximo 17 de septiembre de 2026, a partir de las 14:00 horas, en el Campus Universitario (Ruta Prov. N\u00ba 55 Ex. 148 Extremo Norte). El objetivo es conmemorar una d\u00e9cada de formaci\u00f3n y pr\u00e1ctica en esta disciplina, promoviendo el intercambio de conocimientos y experiencias.<\/p>\n\n\n\n<p class=\"wp-block-paragraph\">La organizaci\u00f3n del encuentro est\u00e1 a cargo de la Secretar\u00eda de Extensi\u00f3n Universitaria, con funciones de Vinculaci\u00f3n Social, en conjunto con la FCEJS y el Programa \u201cDe Quijotes y Sanchos\u201d. Participan activamente la Comisi\u00f3n de Discapacidad, Accesibilidad y Apoyo (FCEJS) y la Fundaci\u00f3n Valduvieco.<\/p>\n\n\n\n<p class=\"wp-block-paragraph\"><a href=\"https:\/\/forms.gle\/mzjCjQXSBfFCbM2u8\">ENLACE DE INSCRIPCI\u00d3N<\/a><\/p>\n\n\n\n<p class=\"wp-block-paragraph\">La jornada iniciar\u00e1 a las 14:00 horas con la apertura y, posteriormente, se realizar\u00e1 la entrega de reconocimientos a organizaciones y centros de pr\u00e1ctica, coordinada por la Esp. Mariela De Marco, TUAT Araceli Holzer y TUAT Cinthia Alaniz. A las 15:00 horas, se abordar\u00e1 la producci\u00f3n acad\u00e9mica y la socializaci\u00f3n del saber con presentaciones de libros a cargo de los Lic. Lucio Pierini, Lic. Sergio Suarez Sard\u00f3n y el Dr. Eduardo Fabian Cossi, bajo la coordinaci\u00f3n de la Dra. Alejandra M\u00e1rquez y la Esp. Gast\u00f3n G. Ortubia.<\/p>\n\n\n\n<p class=\"wp-block-paragraph\">A las 17:00 horas se llevar\u00e1 a cabo el taller \u201cEl arte como herramienta terap\u00e9utica\u201d, dictado por las docentes Virginia Diaz y Laura Elgueta. A las 18:00 horas, se desarrollar\u00e1 la mesa de egresadas y egresados bajo la tem\u00e1tica \u201cTrayectorias e Identidad Profesional\u201d, con la participaci\u00f3n de TUAT. Cuevas, Abigail Tamar; TUAT. Rosales, Gabriela Soledad; TUAT. Luna, Ayelen, TUAT Florencia Alaniz; TUAT. Molina Fuentes, Florencia; TUAT. Pino, Gabriela Ver\u00f3nica; TUAT. Leyes, Carlos Agustin; y TUAT. Banffi, Karina Alejandra, con la coordinaci\u00f3n de la A.T. Bel\u00e9n Coria.<\/p>\n\n\n\n<p class=\"wp-block-paragraph\">El encuentro culminar\u00e1 a las 19:30 horas con el descubrimiento de una placa conmemorativa, coordinado por Sidiu, y el descubrimiento de un mural, coordinado por la Lic. Mar\u00eda Concepci\u00f3n Salas. Paralelamente, se emitir\u00e1 el programa \u201cDe Quijotes y Sanchos\u201d de Radio de la UNSL-Villa Mercedes y la Red de Radios Comunitarias (Farco Argentina), coordinado por la Tec. Nancy Godoy. Se presentar\u00e1 una exposici\u00f3n de producciones realizadas por estudiantes de TUAT y se colocar\u00e1n pictogramas en el campus universitario, iniciativas coordinadas por la Comisi\u00f3n de Discapacidad, Accesibilidad y Apoyo (FCEJS) y la Fundaci\u00f3n Valduvieco.<\/p>\n","protected":false},"excerpt":{"rendered":"<p>La Facultad de Ciencias Econ\u00f3micas, Jur\u00eddicas y Sociales (FCEJS) convoca a la comunidad acad\u00e9mica y a profesionales al Encuentro de Acompa\u00f1amiento Terap\u00e9utico \u201cVoces, saberes y&hellip;<\/p>\n","protected":false},"author":3,"featured_media":2205,"comment_status":"closed","ping_status":"closed","sticky":false,"template":"","format":"standard","meta":{"om_disable_all_campaigns":false,"_exactmetrics_skip_tracking":false,"_uf_show_specific_survey":0,"_uf_disable_surveys":false,"footnotes":""},"categories":[8],"tags":[],"class_list":["post-2204","post","type-post","status-publish","format-standard","has-post-thumbnail","hentry","category-novedades"],"_links":{"self":[{"href":"https:\/\/extension.fcejs.unsl.edu.ar\/index.php\/wp-json\/wp\/v2\/posts\/2204","targetHints":{"allow":["GET"]}}],"collection":[{"href":"https:\/\/extension.fcejs.unsl.edu.ar\/index.php\/wp-json\/wp\/v2\/posts"}],"about":[{"href":"https:\/\/extension.fcejs.unsl.edu.ar\/index.php\/wp-json\/wp\/v2\/types\/post"}],"author":[{"embeddable":true,"href":"https:\/\/extension.fcejs.unsl.edu.ar\/index.php\/wp-json\/wp\/v2\/users\/3"}],"replies":[{"embeddable":true,"href":"https:\/\/extension.fcejs.unsl.edu.ar\/index.php\/wp-json\/wp\/v2\/comments?post=2204"}],"version-history":[{"count":1,"href":"https:\/\/extension.fcejs.unsl.edu.ar\/index.php\/wp-json\/wp\/v2\/posts\/2204\/revisions"}],"predecessor-version":[{"id":2206,"href":"https:\/\/extension.fcejs.unsl.edu.ar\/index.php\/wp-json\/wp\/v2\/posts\/2204\/revisions\/2206"}],"wp:featuredmedia":[{"embeddable":true,"href":"https:\/\/extension.fcejs.unsl.edu.ar\/index.php\/wp-json\/wp\/v2\/media\/2205"}],"wp:attachment":[{"href":"https:\/\/extension.fcejs.unsl.edu.ar\/index.php\/wp-json\/wp\/v2\/media?parent=2204"}],"wp:term":[{"taxonomy":"category","embeddable":true,"href":"https:\/\/extension.fcejs.unsl.edu.ar\/index.php\/wp-json\/wp\/v2\/categories?post=2204"},{"taxonomy":"post_tag","embeddable":true,"href":"https:\/\/extension.fcejs.unsl.edu.ar\/index.php\/wp-json\/wp\/v2\/tags?post=2204"}],"curies":[{"name":"wp","href":"https:\/\/api.w.org\/{rel}","templated":true}]}}