{"id":60,"date":"2022-09-08T10:37:52","date_gmt":"2022-09-08T13:37:52","guid":{"rendered":"http:\/\/localhost\/extension\/?p=60"},"modified":"2023-11-09T12:14:14","modified_gmt":"2023-11-09T12:14:14","slug":"requisitos-para-la-suscripcion-de-convenios-y-actas-complementarias","status":"publish","type":"post","link":"https:\/\/extension.fcejs.unsl.edu.ar\/index.php\/requisitos-para-la-suscripcion-de-convenios-y-actas-complementarias\/","title":{"rendered":"Requisitos para la suscripci\u00f3n de Convenios y Actas Complementarias"},"content":{"rendered":"\t\t<div data-elementor-type=\"wp-post\" data-elementor-id=\"60\" class=\"elementor elementor-60\">\n\t\t\t\t\t\t<section class=\"elementor-section elementor-top-section elementor-element elementor-element-7a5780dc elementor-section-boxed elementor-section-height-default elementor-section-height-default\" data-id=\"7a5780dc\" data-element_type=\"section\" data-e-type=\"section\">\n\t\t\t\t\t\t<div class=\"elementor-container elementor-column-gap-default\">\n\t\t\t\t\t<div class=\"elementor-column elementor-col-100 elementor-top-column elementor-element elementor-element-74a66f3a\" data-id=\"74a66f3a\" data-element_type=\"column\" data-e-type=\"column\">\n\t\t\t<div class=\"elementor-widget-wrap elementor-element-populated\">\n\t\t\t\t\t\t<div class=\"elementor-element elementor-element-da5afab elementor-widget elementor-widget-heading\" data-id=\"da5afab\" data-element_type=\"widget\" data-e-type=\"widget\" data-widget_type=\"heading.default\">\n\t\t\t\t<div class=\"elementor-widget-container\">\n\t\t\t\t\t<h3 class=\"elementor-heading-title elementor-size-default\">Requisitos para la suscripci\u00f3n de Convenios y Actas Complementarias<\/h3>\t\t\t\t<\/div>\n\t\t\t\t<\/div>\n\t\t\t\t<div class=\"elementor-element elementor-element-51a494d elementor-widget elementor-widget-text-editor\" data-id=\"51a494d\" data-element_type=\"widget\" data-e-type=\"widget\" data-widget_type=\"text-editor.default\">\n\t\t\t\t<div class=\"elementor-widget-container\">\n\t\t\t\t\t\t\t\t\t<ul>\n \t<li style=\"font-weight: 400;\" aria-level=\"1\"><span style=\"font-weight: 400;\">Nota dirigida al Sr. Decano de la Facultad,\u00a0 solicitando la firma del Convenio, en la que se expresa la necesidad de la cooperaci\u00f3n o actividad espec\u00edfica entre la Instituci\u00f3n, Organismo, Empresa, seg\u00fan corresponda y la UNSL, consignando datos completos de direcci\u00f3n, n\u00famero de tel\u00e9fono y direcci\u00f3n electr\u00f3nica que posibiliten contacto o notificaci\u00f3n.<\/span><\/li>\n \t<li style=\"font-weight: 400;\" aria-level=\"1\"><span style=\"font-weight: 400;\">Un (1) ejemplar de proyecto de convenio (o acta complementaria, en caso de contar con un convenio marco previo), seg\u00fan modelo (sin membrete y sin firma), con los datos completos.<\/span><\/li>\n \t<li style=\"font-weight: 400;\" aria-level=\"1\"><span style=\"font-weight: 400;\">Fotocopia del documento del\/los responsables de la firma del mismo.<\/span><\/li>\n \t<li style=\"font-weight: 400;\" aria-level=\"1\"><span style=\"font-weight: 400;\">Certificaci\u00f3n que acredite esta responsabilidad. (decreto, poder, acta u otra documental que certifique la designaci\u00f3n).<\/span><\/li>\n \t<li style=\"font-weight: 400;\" aria-level=\"1\"><span style=\"font-weight: 400;\">Documentaci\u00f3n fehaciente de la existencia de la empresa u organismo:<\/span>\n<ul>\n \t<li style=\"font-weight: 400;\" aria-level=\"2\"><span style=\"font-weight: 400;\">Ley de creaci\u00f3n y\/o Estatuto Social<\/span><\/li>\n \t<li style=\"font-weight: 400;\" aria-level=\"2\"><span style=\"font-weight: 400;\">Personer\u00eda Jur\u00eddica<\/span><\/li>\n \t<li style=\"font-weight: 400;\" aria-level=\"2\"><span style=\"font-weight: 400;\">Constancia de inscripci\u00f3n en la AFIP<\/span><\/li>\n<\/ul>\n<\/li>\n<\/ul>\t\t\t\t\t\t\t\t<\/div>\n\t\t\t\t<\/div>\n\t\t\t\t\t<\/div>\n\t\t<\/div>\n\t\t\t\t\t<\/div>\n\t\t<\/section>\n\t\t\t\t<\/div>\n\t\t","protected":false},"excerpt":{"rendered":"<p>Requisitos para la suscripci\u00f3n de Convenios y Actas Complementarias Nota dirigida al Sr. Decano de la Facultad,\u00a0 solicitando la firma del Convenio, en la que&hellip;<\/p>\n","protected":false},"author":4,"featured_media":0,"comment_status":"open","ping_status":"open","sticky":false,"template":"","format":"standard","meta":{"om_disable_all_campaigns":false,"_exactmetrics_skip_tracking":false,"_exactmetrics_sitenote_active":false,"_exactmetrics_sitenote_note":"","_exactmetrics_sitenote_category":0,"_uf_show_specific_survey":0,"_uf_disable_surveys":false,"footnotes":""},"categories":[7],"tags":[],"class_list":["post-60","post","type-post","status-publish","format-standard","hentry","category-institucional"],"_links":{"self":[{"href":"https:\/\/extension.fcejs.unsl.edu.ar\/index.php\/wp-json\/wp\/v2\/posts\/60","targetHints":{"allow":["GET"]}}],"collection":[{"href":"https:\/\/extension.fcejs.unsl.edu.ar\/index.php\/wp-json\/wp\/v2\/posts"}],"about":[{"href":"https:\/\/extension.fcejs.unsl.edu.ar\/index.php\/wp-json\/wp\/v2\/types\/post"}],"author":[{"embeddable":true,"href":"https:\/\/extension.fcejs.unsl.edu.ar\/index.php\/wp-json\/wp\/v2\/users\/4"}],"replies":[{"embeddable":true,"href":"https:\/\/extension.fcejs.unsl.edu.ar\/index.php\/wp-json\/wp\/v2\/comments?post=60"}],"version-history":[{"count":3,"href":"https:\/\/extension.fcejs.unsl.edu.ar\/index.php\/wp-json\/wp\/v2\/posts\/60\/revisions"}],"predecessor-version":[{"id":1549,"href":"https:\/\/extension.fcejs.unsl.edu.ar\/index.php\/wp-json\/wp\/v2\/posts\/60\/revisions\/1549"}],"wp:attachment":[{"href":"https:\/\/extension.fcejs.unsl.edu.ar\/index.php\/wp-json\/wp\/v2\/media?parent=60"}],"wp:term":[{"taxonomy":"category","embeddable":true,"href":"https:\/\/extension.fcejs.unsl.edu.ar\/index.php\/wp-json\/wp\/v2\/categories?post=60"},{"taxonomy":"post_tag","embeddable":true,"href":"https:\/\/extension.fcejs.unsl.edu.ar\/index.php\/wp-json\/wp\/v2\/tags?post=60"}],"curies":[{"name":"wp","href":"https:\/\/api.w.org\/{rel}","templated":true}]}}