{"id":895,"date":"2023-03-09T14:00:04","date_gmt":"2023-03-09T17:00:04","guid":{"rendered":"http:\/\/localhost\/extension\/?p=895"},"modified":"2023-11-09T12:22:46","modified_gmt":"2023-11-09T12:22:46","slug":"el-agora","status":"publish","type":"post","link":"https:\/\/extension.fcejs.unsl.edu.ar\/index.php\/el-agora\/","title":{"rendered":"El \u00c1gora"},"content":{"rendered":"\t\t<div data-elementor-type=\"wp-post\" data-elementor-id=\"895\" class=\"elementor elementor-895\">\n\t\t\t\t\t\t<section class=\"elementor-section elementor-top-section elementor-element elementor-element-46fb5b02 elementor-section-boxed elementor-section-height-default elementor-section-height-default\" data-id=\"46fb5b02\" data-element_type=\"section\" data-e-type=\"section\">\n\t\t\t\t\t\t<div class=\"elementor-container elementor-column-gap-default\">\n\t\t\t\t\t<div class=\"elementor-column elementor-col-100 elementor-top-column elementor-element elementor-element-6f37338b\" data-id=\"6f37338b\" data-element_type=\"column\" data-e-type=\"column\">\n\t\t\t<div class=\"elementor-widget-wrap elementor-element-populated\">\n\t\t\t\t\t\t<div class=\"elementor-element elementor-element-8a5573c elementor-widget elementor-widget-heading\" data-id=\"8a5573c\" data-element_type=\"widget\" data-e-type=\"widget\" data-widget_type=\"heading.default\">\n\t\t\t\t<div class=\"elementor-widget-container\">\n\t\t\t\t\t<h3 class=\"elementor-heading-title elementor-size-default\">El \u00c1gora<\/h3>\t\t\t\t<\/div>\n\t\t\t\t<\/div>\n\t\t\t\t<div class=\"elementor-element elementor-element-3bf3c101 elementor-widget elementor-widget-text-editor\" data-id=\"3bf3c101\" data-element_type=\"widget\" data-e-type=\"widget\" data-widget_type=\"text-editor.default\">\n\t\t\t\t<div class=\"elementor-widget-container\">\n\t\t\t\t\t\t\t\t\t<p><span style=\"font-weight: 400;\">Radio Universidad Villa Mercedes informa a toda la comunidad, que el pr\u00f3ximo jueves 21 de octubre de 2021, comenzar\u00e1 a emitirse el nuevo ciclo radial \u201cEl \u00c1gora\u201d.<\/span><\/p>\n<p><span style=\"font-weight: 400;\">Este programa es una creaci\u00f3n que surge desde el Proyecto de Extensi\u00f3n Universitaria DDHH y Acceso a la Justicia de sectores en situaci\u00f3n de vulnerabilidad social, de la FCEJS- Secretar\u00eda de Extensi\u00f3n.<\/span><\/p>\n<p><span style=\"font-weight: 400;\">Con la producci\u00f3n radial de Virgina Aguilera, \u201cEl \u00c1gora\u201d es un nuevo espacio de conversaciones interactivas, que proponen reflexionar sobre actualidad, pol\u00edtica, derechos, sociedad, ciencia, educaci\u00f3n y la universidad; de una manera distendida y acompa\u00f1ada de buena m\u00fasica.<\/span> <span style=\"font-weight: 400;\">Por Radio Universidad 97.5, \u201cEl \u00c1gora\u201d se transmitir\u00e1 todos los jueves en dos horarios a las 12 y a las 20hs.<\/span><\/p>\n<p><iframe style=\"width: 100%; height: 600px; border: 0;\" src=\"https:\/\/drive.google.com\/embeddedfolderview?id=1iaPT30pnHXTNmpKHQbDUVOXENRfpJro8\"><\/iframe><\/p>\n\n\n\t\t\t\t\t\t\t\t<\/div>\n\t\t\t\t<\/div>\n\t\t\t\t\t<\/div>\n\t\t<\/div>\n\t\t\t\t\t<\/div>\n\t\t<\/section>\n\t\t\t\t<\/div>\n\t\t","protected":false},"excerpt":{"rendered":"<p>El \u00c1gora Radio Universidad Villa Mercedes informa a toda la comunidad, que el pr\u00f3ximo jueves 21 de octubre de 2021, comenzar\u00e1 a emitirse el nuevo&hellip;<\/p>\n","protected":false},"author":4,"featured_media":0,"comment_status":"open","ping_status":"open","sticky":false,"template":"","format":"standard","meta":{"om_disable_all_campaigns":false,"_exactmetrics_skip_tracking":false,"_exactmetrics_sitenote_active":false,"_exactmetrics_sitenote_note":"","_exactmetrics_sitenote_category":0,"_uf_show_specific_survey":0,"_uf_disable_surveys":false,"footnotes":""},"categories":[7],"tags":[],"class_list":["post-895","post","type-post","status-publish","format-standard","hentry","category-institucional"],"_links":{"self":[{"href":"https:\/\/extension.fcejs.unsl.edu.ar\/index.php\/wp-json\/wp\/v2\/posts\/895","targetHints":{"allow":["GET"]}}],"collection":[{"href":"https:\/\/extension.fcejs.unsl.edu.ar\/index.php\/wp-json\/wp\/v2\/posts"}],"about":[{"href":"https:\/\/extension.fcejs.unsl.edu.ar\/index.php\/wp-json\/wp\/v2\/types\/post"}],"author":[{"embeddable":true,"href":"https:\/\/extension.fcejs.unsl.edu.ar\/index.php\/wp-json\/wp\/v2\/users\/4"}],"replies":[{"embeddable":true,"href":"https:\/\/extension.fcejs.unsl.edu.ar\/index.php\/wp-json\/wp\/v2\/comments?post=895"}],"version-history":[{"count":3,"href":"https:\/\/extension.fcejs.unsl.edu.ar\/index.php\/wp-json\/wp\/v2\/posts\/895\/revisions"}],"predecessor-version":[{"id":1568,"href":"https:\/\/extension.fcejs.unsl.edu.ar\/index.php\/wp-json\/wp\/v2\/posts\/895\/revisions\/1568"}],"wp:attachment":[{"href":"https:\/\/extension.fcejs.unsl.edu.ar\/index.php\/wp-json\/wp\/v2\/media?parent=895"}],"wp:term":[{"taxonomy":"category","embeddable":true,"href":"https:\/\/extension.fcejs.unsl.edu.ar\/index.php\/wp-json\/wp\/v2\/categories?post=895"},{"taxonomy":"post_tag","embeddable":true,"href":"https:\/\/extension.fcejs.unsl.edu.ar\/index.php\/wp-json\/wp\/v2\/tags?post=895"}],"curies":[{"name":"wp","href":"https:\/\/api.w.org\/{rel}","templated":true}]}}